{"id":102075,"date":"2025-04-05T14:58:26","date_gmt":"2025-04-05T17:58:26","guid":{"rendered":"https:\/\/tvc16.com\/portal\/?p=102075"},"modified":"2025-04-05T14:58:28","modified_gmt":"2025-04-05T17:58:28","slug":"chuvas-governador-orienta-a-populacao-a-ficar-atenta-as-recomendacoes-das-defesas-civis-estadual-e-municipais","status":"publish","type":"post","link":"https:\/\/tvc16.com\/portal\/2025\/04\/05\/chuvas-governador-orienta-a-populacao-a-ficar-atenta-as-recomendacoes-das-defesas-civis-estadual-e-municipais\/","title":{"rendered":"Chuvas: governador orienta a popula\u00e7\u00e3o a ficar atenta \u00e0s recomenda\u00e7\u00f5es das Defesas Civis estadual e municipais"},"content":{"rendered":"\n<p>Com a previs\u00e3o de altos \u00edndices pluviom\u00e9tricos para as pr\u00f3ximas horas deste s\u00e1bado (05\/05), o governador Cl\u00e1udio Castro alertou, durante coletiva em Petr\u00f3polis, sobre a manuten\u00e7\u00e3o permanente do estado de aten\u00e7\u00e3o da popula\u00e7\u00e3o, principalmente de moradores das regi\u00f5es mais impactadas pelas chuvas, como capital, Serra, Baixada Fluminense e Costa Verde. Castro explicou que, apesar dos n\u00facleos de chuva estarem, neste momento, mais concentrados na Regi\u00e3o Serrana, o risco geol\u00f3gico \u00e9 grande em diversos pontos por conta dos acumulados desde ontem \u00e0 noite.<\/p>\n\n\n\n<ul class=\"wp-block-list\">\n<li>Nos 470 pontos de monitoramento que temos, n\u00e3o chove apenas em 100. Ou seja, o estado de aten\u00e7\u00e3o e os cuidados s\u00e3o fundamentais para preservar vidas. Refor\u00e7o o meu apelo: sigam as orienta\u00e7\u00f5es de seguran\u00e7a dos \u00f3rg\u00e3os p\u00fablicos e n\u00e3o se desloquem desnecessariamente. Mais uma vez vamos enfrentar esse per\u00edodo desafiador com responsabilidade e solidariedade &#8211; ressaltou Cl\u00e1udio Castro.<\/li>\n<\/ul>\n\n\n\n<p>O Governo do Estado segue trabalhando para minimizar os impactos das chuvas, com equipes de plant\u00e3o, monitoramento constante e a\u00e7\u00f5es emergenciais. A Defesa Civil do Estado est\u00e1 em contato permanente com os munic\u00edpios e prestando assist\u00eancia, por meio de consultoria t\u00e9cnica, aos prefeitos e gestores municipais de Defesa Civil. O Centro Estadual de Monitoramento e Alerta de Desastres Naturais (CEMADEN-RJ) segue acompanhando as condi\u00e7\u00f5es meteorol\u00f3gicas e os n\u00edveis pluviom\u00e9tricos de todo o estado.<\/p>\n\n\n\n<p><em>Fique atento \u00e0s recomenda\u00e7\u00f5es:<\/em><\/p>\n\n\n\n<ul class=\"wp-block-list\">\n<li>Cadastre-se para receber alertas de risco de desastres no celular: mande um SMS com o seu CEP para o n\u00famero 40199;<\/li>\n\n\n\n<li>N\u00e3o se locomova sem necessidade. Jamais entre em \u00e1reas alagadas;<\/li>\n\n\n\n<li>Monte um kit com itens pessoais b\u00e1sicos, incluindo documentos, receitas m\u00e9dicas, rem\u00e9dios de uso cont\u00ednuo, cart\u00e3o do SUS, entre outros;<\/li>\n\n\n\n<li>Informe-se previamente sobre os locais que servir\u00e3o de abrigo\/ponto de apoio em caso de emerg\u00eancia;<\/li>\n<\/ul>\n\n\n\n<p>-Tenha em m\u00e3os os telefones do Corpo de Bombeiros (193) e da Defesa Civil local (199);<\/p>\n\n\n\n<ul class=\"wp-block-list\">\n<li>Fique atento ao toque das sirenes e siga as orienta\u00e7\u00f5es de seguran\u00e7a emitidos.<\/li>\n<\/ul>\n\n\n\n<p>foto: Estado<\/p>\n","protected":false},"excerpt":{"rendered":"<p>Com a previs\u00e3o de altos \u00edndices pluviom\u00e9tricos para as pr\u00f3ximas horas deste s\u00e1bado (05\/05), o<\/p>\n","protected":false},"author":2,"featured_media":102076,"comment_status":"open","ping_status":"open","sticky":false,"template":"","format":"standard","meta":{"footnotes":""},"categories":[12],"tags":[],"class_list":["post-102075","post","type-post","status-publish","format-standard","has-post-thumbnail","hentry","category-cidade"],"_links":{"self":[{"href":"https:\/\/tvc16.com\/portal\/wp-json\/wp\/v2\/posts\/102075","targetHints":{"allow":["GET"]}}],"collection":[{"href":"https:\/\/tvc16.com\/portal\/wp-json\/wp\/v2\/posts"}],"about":[{"href":"https:\/\/tvc16.com\/portal\/wp-json\/wp\/v2\/types\/post"}],"author":[{"embeddable":true,"href":"https:\/\/tvc16.com\/portal\/wp-json\/wp\/v2\/users\/2"}],"replies":[{"embeddable":true,"href":"https:\/\/tvc16.com\/portal\/wp-json\/wp\/v2\/comments?post=102075"}],"version-history":[{"count":1,"href":"https:\/\/tvc16.com\/portal\/wp-json\/wp\/v2\/posts\/102075\/revisions"}],"predecessor-version":[{"id":102077,"href":"https:\/\/tvc16.com\/portal\/wp-json\/wp\/v2\/posts\/102075\/revisions\/102077"}],"wp:featuredmedia":[{"embeddable":true,"href":"https:\/\/tvc16.com\/portal\/wp-json\/wp\/v2\/media\/102076"}],"wp:attachment":[{"href":"https:\/\/tvc16.com\/portal\/wp-json\/wp\/v2\/media?parent=102075"}],"wp:term":[{"taxonomy":"category","embeddable":true,"href":"https:\/\/tvc16.com\/portal\/wp-json\/wp\/v2\/categories?post=102075"},{"taxonomy":"post_tag","embeddable":true,"href":"https:\/\/tvc16.com\/portal\/wp-json\/wp\/v2\/tags?post=102075"}],"curies":[{"name":"wp","href":"https:\/\/api.w.org\/{rel}","templated":true}]}}