{"id":102078,"date":"2025-04-05T16:13:32","date_gmt":"2025-04-05T19:13:32","guid":{"rendered":"https:\/\/tvc16.com\/portal\/?p=102078"},"modified":"2025-04-05T16:13:33","modified_gmt":"2025-04-05T19:13:33","slug":"defesa-civil-abre-pontos-de-apoio-do-terceiro-distrito","status":"publish","type":"post","link":"https:\/\/tvc16.com\/portal\/2025\/04\/05\/defesa-civil-abre-pontos-de-apoio-do-terceiro-distrito\/","title":{"rendered":"Defesa Civil abre pontos de apoio do terceiro distrito"},"content":{"rendered":"\n<p>A Defesa Civil de Petr\u00f3polis informa que, \u00e0s 15h50 deste s\u00e1bado (05\/04), foram abertos os pontos de apoio do terceiro distrito.<\/p>\n\n\n\n<p>A Defesa Civil orienta os moradores das \u00e1reas de risco a se deslocarem para o ponto de apoio mais pr\u00f3ximo e refor\u00e7a a import\u00e2ncia de acompanhar as atualiza\u00e7\u00f5es.<\/p>\n\n\n\n<p>Para receber alertas, cadastre o seu CEP enviando uma mensagem de texto para o n\u00famero 40199. Tamb\u00e9m acompanhe as informa\u00e7\u00f5es atualizadas pelas redes sociais da Defesa Civil e da Prefeitura de Petr\u00f3polis.<\/p>\n\n\n\n<p>O Boletim meteorol\u00f3gico atualizar\u00e1 a previs\u00e3o do tempo para a cidade, podendo ser acessado pelo link: www.petropolis.rj.gov.br\/boletim.<\/p>\n\n\n\n<p><em>Confira a listagem dos pontos de apoio abertos:<\/em><\/p>\n\n\n\n<ul class=\"wp-block-list\">\n<li>E.M. Dr. Paula Buarque<\/li>\n\n\n\n<li>CEI Prefeito S\u00e9rgio Fadel<\/li>\n\n\n\n<li>E.M. Theodoro Machado<\/li>\n<\/ul>\n\n\n\n<p>foto: reprodu\u00e7\u00e3o<\/p>\n","protected":false},"excerpt":{"rendered":"<p>A Defesa Civil de Petr\u00f3polis informa que, \u00e0s 15h50 deste s\u00e1bado (05\/04), foram abertos os<\/p>\n","protected":false},"author":2,"featured_media":102079,"comment_status":"open","ping_status":"open","sticky":false,"template":"","format":"standard","meta":{"footnotes":""},"categories":[12],"tags":[],"class_list":["post-102078","post","type-post","status-publish","format-standard","has-post-thumbnail","hentry","category-cidade"],"_links":{"self":[{"href":"https:\/\/tvc16.com\/portal\/wp-json\/wp\/v2\/posts\/102078","targetHints":{"allow":["GET"]}}],"collection":[{"href":"https:\/\/tvc16.com\/portal\/wp-json\/wp\/v2\/posts"}],"about":[{"href":"https:\/\/tvc16.com\/portal\/wp-json\/wp\/v2\/types\/post"}],"author":[{"embeddable":true,"href":"https:\/\/tvc16.com\/portal\/wp-json\/wp\/v2\/users\/2"}],"replies":[{"embeddable":true,"href":"https:\/\/tvc16.com\/portal\/wp-json\/wp\/v2\/comments?post=102078"}],"version-history":[{"count":1,"href":"https:\/\/tvc16.com\/portal\/wp-json\/wp\/v2\/posts\/102078\/revisions"}],"predecessor-version":[{"id":102080,"href":"https:\/\/tvc16.com\/portal\/wp-json\/wp\/v2\/posts\/102078\/revisions\/102080"}],"wp:featuredmedia":[{"embeddable":true,"href":"https:\/\/tvc16.com\/portal\/wp-json\/wp\/v2\/media\/102079"}],"wp:attachment":[{"href":"https:\/\/tvc16.com\/portal\/wp-json\/wp\/v2\/media?parent=102078"}],"wp:term":[{"taxonomy":"category","embeddable":true,"href":"https:\/\/tvc16.com\/portal\/wp-json\/wp\/v2\/categories?post=102078"},{"taxonomy":"post_tag","embeddable":true,"href":"https:\/\/tvc16.com\/portal\/wp-json\/wp\/v2\/tags?post=102078"}],"curies":[{"name":"wp","href":"https:\/\/api.w.org\/{rel}","templated":true}]}}