{"id":102085,"date":"2025-04-05T19:22:57","date_gmt":"2025-04-05T22:22:57","guid":{"rendered":"https:\/\/tvc16.com\/portal\/?p=102085"},"modified":"2025-04-05T19:23:00","modified_gmt":"2025-04-05T22:23:00","slug":"cabra-resgatada-em-petropolis-recebe-atendimento-da-coordenadoria-de-bem-estar-animal","status":"publish","type":"post","link":"https:\/\/tvc16.com\/portal\/2025\/04\/05\/cabra-resgatada-em-petropolis-recebe-atendimento-da-coordenadoria-de-bem-estar-animal\/","title":{"rendered":"Cabra resgatada em Petr\u00f3polis recebe atendimento da Coordenadoria de Bem Estar Animal"},"content":{"rendered":"\n<p>A Prefeitura de Petr\u00f3polis providenciou atendimento m\u00e9dico veterin\u00e1rio, atrav\u00e9s da Coordenadoria de Bem-Estar Animal (Cobea), para uma cabra que foi resgatada na manh\u00e3 deste s\u00e1bado (5) durante o alagamento da Rua Coronel Veiga. Militares do Corpo de Bombeiros encontraram o animal preso em um carro.<\/p>\n\n\n\n<p>Ela foi levada para o Batalh\u00e3o do Corpo de Bombeiros, onde recebeu o atendimento. O Coordenador da Cobea, Felipe Facklam, que \u00e9 veterin\u00e1rio, informou que o animal passa bem, est\u00e1 com os sinais vitais preservados e sem sinal de afogamento.<\/p>\n\n\n\n<p>O Corpo de Bombeiros j\u00e1 localizou o tutor que deve buscar o animal nas pr\u00f3ximas horas.<\/p>\n\n\n\n<p>foto: reprodu\u00e7\u00e3o<\/p>\n","protected":false},"excerpt":{"rendered":"<p>A Prefeitura de Petr\u00f3polis providenciou atendimento m\u00e9dico veterin\u00e1rio, atrav\u00e9s da Coordenadoria de Bem-Estar Animal (Cobea),<\/p>\n","protected":false},"author":2,"featured_media":102086,"comment_status":"open","ping_status":"open","sticky":false,"template":"","format":"standard","meta":{"footnotes":""},"categories":[12],"tags":[],"class_list":["post-102085","post","type-post","status-publish","format-standard","has-post-thumbnail","hentry","category-cidade"],"_links":{"self":[{"href":"https:\/\/tvc16.com\/portal\/wp-json\/wp\/v2\/posts\/102085","targetHints":{"allow":["GET"]}}],"collection":[{"href":"https:\/\/tvc16.com\/portal\/wp-json\/wp\/v2\/posts"}],"about":[{"href":"https:\/\/tvc16.com\/portal\/wp-json\/wp\/v2\/types\/post"}],"author":[{"embeddable":true,"href":"https:\/\/tvc16.com\/portal\/wp-json\/wp\/v2\/users\/2"}],"replies":[{"embeddable":true,"href":"https:\/\/tvc16.com\/portal\/wp-json\/wp\/v2\/comments?post=102085"}],"version-history":[{"count":1,"href":"https:\/\/tvc16.com\/portal\/wp-json\/wp\/v2\/posts\/102085\/revisions"}],"predecessor-version":[{"id":102087,"href":"https:\/\/tvc16.com\/portal\/wp-json\/wp\/v2\/posts\/102085\/revisions\/102087"}],"wp:featuredmedia":[{"embeddable":true,"href":"https:\/\/tvc16.com\/portal\/wp-json\/wp\/v2\/media\/102086"}],"wp:attachment":[{"href":"https:\/\/tvc16.com\/portal\/wp-json\/wp\/v2\/media?parent=102085"}],"wp:term":[{"taxonomy":"category","embeddable":true,"href":"https:\/\/tvc16.com\/portal\/wp-json\/wp\/v2\/categories?post=102085"},{"taxonomy":"post_tag","embeddable":true,"href":"https:\/\/tvc16.com\/portal\/wp-json\/wp\/v2\/tags?post=102085"}],"curies":[{"name":"wp","href":"https:\/\/api.w.org\/{rel}","templated":true}]}}