{"id":102089,"date":"2025-04-05T19:36:43","date_gmt":"2025-04-05T22:36:43","guid":{"rendered":"https:\/\/tvc16.com\/portal\/?p=102089"},"modified":"2025-04-05T19:36:44","modified_gmt":"2025-04-05T22:36:44","slug":"defesa-civil-desmobiliza-24-pontos-de-apoio-2","status":"publish","type":"post","link":"https:\/\/tvc16.com\/portal\/2025\/04\/05\/defesa-civil-desmobiliza-24-pontos-de-apoio-2\/","title":{"rendered":"Defesa Civil desmobiliza 24 pontos de apoio"},"content":{"rendered":"\n<p>A Defesa Civil de Petr\u00f3polis informa que desmobilizou 25 pontos de apoio, ap\u00f3s an\u00e1lise do cen\u00e1rio meteorol\u00f3gico. Continuam abertos 10 pontos de apoio, onde h\u00e1 fam\u00edlias sendo atendidas.<\/p>\n\n\n\n<p>Para receber alertas, cadastre o seu CEP enviando uma mensagem de texto para o n\u00famero 40199. Tamb\u00e9m acompanhe as informa\u00e7\u00f5es atualizadas pelas redes sociais da Defesa Civil e da Prefeitura de Petr\u00f3polis.<\/p>\n\n\n\n<p>O boletim meteorol\u00f3gico atualizar\u00e1 a previs\u00e3o do tempo para a cidade, podendo ser acessado pelo link: www.petropolis.rj.gov.br\/boletim.<\/p>\n\n\n\n<p>Confira a listagem dos pontos de apoio desmobilizados:<\/p>\n\n\n\n<p>*1.\tE.M. Bataillard<\/p>\n\n\n\n<p>2.\tEscola Santa Rita de C\u00e1ssia<\/p>\n\n\n\n<p>3.\tE.M. Johann Noel<\/p>\n\n\n\n<p>4.\tE.M. Senador Mario Martins<\/p>\n\n\n\n<p>5.\tEscola Paroquial S\u00e3o Pio X<\/p>\n\n\n\n<p>6.\tE.M. Abelardo de Lamare<\/p>\n\n\n\n<p>7.\tCEI Vila S\u00e3o Jos\u00e9<\/p>\n\n\n\n<p>8.\tEscola S\u00e3o Jo\u00e3o Batista<\/p>\n\n\n\n<p>9.\tE.M. Jo\u00e3o Kopke <\/p>\n\n\n\n<p>10.\tEscola Municipal Prof. Joaquim Deister<\/p>\n\n\n\n<p>11.\tCEI Prof\u00aa Anna Maria Nardi<\/p>\n\n\n\n<p>12.\tCEI S\u00e3o Jos\u00e9 do Itamarati<\/p>\n\n\n\n<p>13.\tEscola S\u00e3o Judas Tadeu<\/p>\n\n\n\n<p>14.\tCEI Irm\u00e3 Silvana<\/p>\n\n\n\n<p>15.\tEscola Municipalizada Carmem Nunes Martins<\/p>\n\n\n\n<p>16.\tCEI Oswaldo Cruz<\/p>\n\n\n\n<p>17.\tE.M. Major Julio Frederico Koeler<\/p>\n\n\n\n<p>18.\tE.M. Dom Pedro de Alc\u00e2ntara<\/p>\n\n\n\n<p>19.\tCol\u00e9gio Gunnar Vingren de Petr\u00f3polis<\/p>\n\n\n\n<p>20.\tE.M. Paula Buarque<\/p>\n\n\n\n<p>21.\tCEI S\u00e9rgio Fadel<\/p>\n\n\n\n<p>22.\tCEI Vista Alegre<\/p>\n\n\n\n<p>23.\tE.M. Robert Kennedy<\/p>\n\n\n\n<p>24.\tE.M. Rosemira de Oliveira Cavalcanti<\/p>\n\n\n\n<p>25.\tE.M. Theodoro Machado<\/p>\n","protected":false},"excerpt":{"rendered":"<p>A Defesa Civil de Petr\u00f3polis informa que desmobilizou 25 pontos de apoio, ap\u00f3s an\u00e1lise do<\/p>\n","protected":false},"author":2,"featured_media":46936,"comment_status":"open","ping_status":"open","sticky":false,"template":"","format":"standard","meta":{"footnotes":""},"categories":[12],"tags":[],"class_list":["post-102089","post","type-post","status-publish","format-standard","has-post-thumbnail","hentry","category-cidade"],"_links":{"self":[{"href":"https:\/\/tvc16.com\/portal\/wp-json\/wp\/v2\/posts\/102089","targetHints":{"allow":["GET"]}}],"collection":[{"href":"https:\/\/tvc16.com\/portal\/wp-json\/wp\/v2\/posts"}],"about":[{"href":"https:\/\/tvc16.com\/portal\/wp-json\/wp\/v2\/types\/post"}],"author":[{"embeddable":true,"href":"https:\/\/tvc16.com\/portal\/wp-json\/wp\/v2\/users\/2"}],"replies":[{"embeddable":true,"href":"https:\/\/tvc16.com\/portal\/wp-json\/wp\/v2\/comments?post=102089"}],"version-history":[{"count":1,"href":"https:\/\/tvc16.com\/portal\/wp-json\/wp\/v2\/posts\/102089\/revisions"}],"predecessor-version":[{"id":102090,"href":"https:\/\/tvc16.com\/portal\/wp-json\/wp\/v2\/posts\/102089\/revisions\/102090"}],"wp:featuredmedia":[{"embeddable":true,"href":"https:\/\/tvc16.com\/portal\/wp-json\/wp\/v2\/media\/46936"}],"wp:attachment":[{"href":"https:\/\/tvc16.com\/portal\/wp-json\/wp\/v2\/media?parent=102089"}],"wp:term":[{"taxonomy":"category","embeddable":true,"href":"https:\/\/tvc16.com\/portal\/wp-json\/wp\/v2\/categories?post=102089"},{"taxonomy":"post_tag","embeddable":true,"href":"https:\/\/tvc16.com\/portal\/wp-json\/wp\/v2\/tags?post=102089"}],"curies":[{"name":"wp","href":"https:\/\/api.w.org\/{rel}","templated":true}]}}