{"id":10209,"date":"2021-02-09T19:59:07","date_gmt":"2021-02-09T22:59:07","guid":{"rendered":"https:\/\/tvc16.com\/portal\/?p=10209"},"modified":"2021-02-09T19:59:09","modified_gmt":"2021-02-09T22:59:09","slug":"parque-natural-municipal-padre-quinha-na-avenida-ipiranga-sera-reaberto-na-proxima-terca-feira-16","status":"publish","type":"post","link":"https:\/\/tvc16.com\/portal\/2021\/02\/09\/parque-natural-municipal-padre-quinha-na-avenida-ipiranga-sera-reaberto-na-proxima-terca-feira-16\/","title":{"rendered":"Parque Natural Municipal Padre Quinha, na Avenida Ipiranga, ser\u00e1 reaberto na pr\u00f3xima ter\u00e7a-feira (16)"},"content":{"rendered":"\n<p>O hor\u00e1rio de funcionamento do espa\u00e7o \u00e9 de segunda a domingo, das 8h30 \u00e0s 17h30.<\/p>\n\n\n\n<p>A Secretaria de Meio Ambiente, est\u00e1 preparando o espa\u00e7o com a\u00e7\u00f5es de pintura do p\u00f3rtico de entrada, vistoria e limpeza das trilhas, entre outros servi\u00e7os, para garantir a receptividade aos visitantes.<\/p>\n\n\n\n<p>Para a reabertura, a secretaria est\u00e1 assegurando o cumprimento de todo o protocolo da Vigil\u00e2ncia Sanit\u00e1ria. Na entrada, haver\u00e1 aferi\u00e7\u00e3o de temperatura, disponibiliza\u00e7\u00e3o de \u00e1lcool em gel e ser\u00e1 exigido o uso de m\u00e1scara, respeitando o decreto municipal publicado no \u00faltimo dia 5 de fevereiro, que autorizou o funcionamento do espa\u00e7o e tamb\u00e9m do Parque Nacional da Serra dos \u00d3rg\u00e3os (Parnaso)<\/p>\n\n\n\n<p>\u201cO espa\u00e7o estava h\u00e1 muito tempo fechado e sua reabertura garante uma op\u00e7\u00e3o a mais de lazer para petropolitanos e turistas. As melhorias j\u00e1 come\u00e7aram e devem ser conclu\u00eddas at\u00e9 a pr\u00f3xima segunda-feira\u201d, frisa o secret\u00e1rio de Meio Ambiente, Edmardo Campbell.<\/p>\n","protected":false},"excerpt":{"rendered":"<p>O hor\u00e1rio de funcionamento do espa\u00e7o \u00e9 de segunda a domingo, das 8h30 \u00e0s 17h30.<\/p>\n","protected":false},"author":2,"featured_media":10210,"comment_status":"open","ping_status":"open","sticky":false,"template":"","format":"standard","meta":{"footnotes":""},"categories":[12],"tags":[],"class_list":["post-10209","post","type-post","status-publish","format-standard","has-post-thumbnail","hentry","category-cidade"],"_links":{"self":[{"href":"https:\/\/tvc16.com\/portal\/wp-json\/wp\/v2\/posts\/10209","targetHints":{"allow":["GET"]}}],"collection":[{"href":"https:\/\/tvc16.com\/portal\/wp-json\/wp\/v2\/posts"}],"about":[{"href":"https:\/\/tvc16.com\/portal\/wp-json\/wp\/v2\/types\/post"}],"author":[{"embeddable":true,"href":"https:\/\/tvc16.com\/portal\/wp-json\/wp\/v2\/users\/2"}],"replies":[{"embeddable":true,"href":"https:\/\/tvc16.com\/portal\/wp-json\/wp\/v2\/comments?post=10209"}],"version-history":[{"count":1,"href":"https:\/\/tvc16.com\/portal\/wp-json\/wp\/v2\/posts\/10209\/revisions"}],"predecessor-version":[{"id":10211,"href":"https:\/\/tvc16.com\/portal\/wp-json\/wp\/v2\/posts\/10209\/revisions\/10211"}],"wp:featuredmedia":[{"embeddable":true,"href":"https:\/\/tvc16.com\/portal\/wp-json\/wp\/v2\/media\/10210"}],"wp:attachment":[{"href":"https:\/\/tvc16.com\/portal\/wp-json\/wp\/v2\/media?parent=10209"}],"wp:term":[{"taxonomy":"category","embeddable":true,"href":"https:\/\/tvc16.com\/portal\/wp-json\/wp\/v2\/categories?post=10209"},{"taxonomy":"post_tag","embeddable":true,"href":"https:\/\/tvc16.com\/portal\/wp-json\/wp\/v2\/tags?post=10209"}],"curies":[{"name":"wp","href":"https:\/\/api.w.org\/{rel}","templated":true}]}}