{"id":102091,"date":"2025-04-05T20:44:52","date_gmt":"2025-04-05T23:44:52","guid":{"rendered":"https:\/\/tvc16.com\/portal\/?p=102091"},"modified":"2025-04-05T21:10:04","modified_gmt":"2025-04-06T00:10:04","slug":"prefeitura-decreta-situacao-de-emergencia-por-contas-das-fortes-chuvas-deste-fim-de-semana","status":"publish","type":"post","link":"https:\/\/tvc16.com\/portal\/2025\/04\/05\/prefeitura-decreta-situacao-de-emergencia-por-contas-das-fortes-chuvas-deste-fim-de-semana\/","title":{"rendered":"Prefeitura decreta situa\u00e7\u00e3o de emerg\u00eancia por contas das fortes chuvas deste fim de semana"},"content":{"rendered":"\n<p>A Prefeitura de Petr\u00f3polis decretou situa\u00e7\u00e3o de emerg\u00eancia por conta das fortes chuvas que atingiram a cidade neste fim de semana (sexta e s\u00e1bado \u2013 04 e 05\/04). Em 24 horas, a cidade registrou mais de 300mm de chuva na regi\u00e3o do S\u00e3o Sebasti\u00e3o, tamb\u00e9m choveu 296,81mm no Independ\u00eancia, 295,81mm no Alto da Serra e 248,2mm no Ch\u00e1cara da Flora, de acordo com os pluvi\u00f4metros do Cemaden Nacional. Foram mais de 90 chamados de deslizamentos, quedas de \u00e1rvores, rolamento de blocos, problemas em vias, queda de postes, alagamento e outros.<\/p>\n\n\n\n<p>\u201cO principal motivo \u00e9 conseguir recursos, principalmente do Governo Federal, para restabelecimento da cidade, que fui muito afetada, em especial nas regi\u00f5es do Alto da Serra e Independ\u00eancia, mais afetadas pelas chuvas que excede a capacidade de resposta do munic\u00edpio, comprometendo sua infraestrutura de atendimento \u00e0 emerg\u00eancia e de recupera\u00e7\u00e3o\u201d, ressaltou o prefeito Hingo Hammes.<\/p>\n\n\n\n<p>O texto prev\u00ea a requisi\u00e7\u00e3o de ve\u00edculos, m\u00e1quinas e equipamentos<br>junto a empresas e entidades privadas e junto a \u00f3rg\u00e3os da Administra\u00e7\u00e3o P\u00fablica, direta ou indireta, federal, estadual ou municipal; a arregimenta\u00e7\u00e3o, recrutamento e contrata\u00e7\u00e3o de pessoal para presta\u00e7\u00e3o dos servi\u00e7os necess\u00e1rios, sejam volunt\u00e1rios ou mediante remunera\u00e7\u00e3o, conforme necessidade emergencial, al\u00e9m da compra de g\u00eaneros aliment\u00edcios e insumos para atendimento das necessidades imediatas das pessoas e fam\u00edlias vitimadas pelas chuvas.<\/p>\n\n\n\n<p>O decreto tamb\u00e9m prev\u00ea desapropria\u00e7\u00f5es de utilidade p\u00fablica para garantir o atendimento da popula\u00e7\u00e3o. O texto completo da edi\u00e7\u00e3o extraordin\u00e1ria (D.O.) ser\u00e1 publicado no site da Prefeitura (petropolis.rj.gov.br).<\/p>\n\n\n\n<p><em><strong>Defesa Civil desmobiliza mais 10 pontos de apoio<\/strong><\/em><br><em>Atualiza\u00e7\u00e3o 05\/04 \u2013 21h<\/em><\/p>\n\n\n\n<p>A Defesa Civil de Petr\u00f3polis informa que desmobilizou mais 10 pontos de apoio, ap\u00f3s an\u00e1lise do cen\u00e1rio meteorol\u00f3gico. Continuam abertos 10 pontos de apoio, onde h\u00e1 fam\u00edlias sendo atendidas.<\/p>\n\n\n\n<p>Para receber alertas, cadastre o seu CEP enviando uma mensagem de texto para o n\u00famero 40199. Tamb\u00e9m acompanhe as informa\u00e7\u00f5es atualizadas pelas redes sociais da Defesa Civil e da Prefeitura de Petr\u00f3polis.<\/p>\n\n\n\n<p>O boletim meteorol\u00f3gico atualizar\u00e1 a previs\u00e3o do tempo para a cidade, podendo ser acessado pelo link: www.petropolis.rj.gov.br\/boletim.<\/p>\n\n\n\n<p><em>Confira a listagem dos pontos de apoio desmobilizados:<\/em><\/p>\n\n\n\n<ol class=\"wp-block-list\">\n<li>E.M. Duque de Caxias<\/li>\n\n\n\n<li>Escola S\u00e3o Crist\u00f3v\u00e3o<\/li>\n\n\n\n<li>Sal\u00e3o Paroquial S\u00e3o Paulo Ap\u00f3stolo<\/li>\n\n\n\n<li>Escola Municipalizada Pedro Amado<\/li>\n\n\n\n<li>E.M. Geraldo Ventura Dias<\/li>\n\n\n\n<li>Escola Paroquial Nossa Senhora da Gl\u00f3ria<\/li>\n\n\n\n<li>C.E.I. Chiquinha Rolla<\/li>\n\n\n\n<li>E.M. Odette Fonseca<\/li>\n\n\n\n<li>E.M. Governador Marcello Alencar<\/li>\n\n\n\n<li>E.M. Rosalina Nicolay<\/li>\n<\/ol>\n","protected":false},"excerpt":{"rendered":"<p>A Prefeitura de Petr\u00f3polis decretou situa\u00e7\u00e3o de emerg\u00eancia por conta das fortes chuvas que atingiram<\/p>\n","protected":false},"author":2,"featured_media":102092,"comment_status":"open","ping_status":"open","sticky":false,"template":"","format":"standard","meta":{"footnotes":""},"categories":[12],"tags":[],"class_list":["post-102091","post","type-post","status-publish","format-standard","has-post-thumbnail","hentry","category-cidade"],"_links":{"self":[{"href":"https:\/\/tvc16.com\/portal\/wp-json\/wp\/v2\/posts\/102091","targetHints":{"allow":["GET"]}}],"collection":[{"href":"https:\/\/tvc16.com\/portal\/wp-json\/wp\/v2\/posts"}],"about":[{"href":"https:\/\/tvc16.com\/portal\/wp-json\/wp\/v2\/types\/post"}],"author":[{"embeddable":true,"href":"https:\/\/tvc16.com\/portal\/wp-json\/wp\/v2\/users\/2"}],"replies":[{"embeddable":true,"href":"https:\/\/tvc16.com\/portal\/wp-json\/wp\/v2\/comments?post=102091"}],"version-history":[{"count":2,"href":"https:\/\/tvc16.com\/portal\/wp-json\/wp\/v2\/posts\/102091\/revisions"}],"predecessor-version":[{"id":102095,"href":"https:\/\/tvc16.com\/portal\/wp-json\/wp\/v2\/posts\/102091\/revisions\/102095"}],"wp:featuredmedia":[{"embeddable":true,"href":"https:\/\/tvc16.com\/portal\/wp-json\/wp\/v2\/media\/102092"}],"wp:attachment":[{"href":"https:\/\/tvc16.com\/portal\/wp-json\/wp\/v2\/media?parent=102091"}],"wp:term":[{"taxonomy":"category","embeddable":true,"href":"https:\/\/tvc16.com\/portal\/wp-json\/wp\/v2\/categories?post=102091"},{"taxonomy":"post_tag","embeddable":true,"href":"https:\/\/tvc16.com\/portal\/wp-json\/wp\/v2\/tags?post=102091"}],"curies":[{"name":"wp","href":"https:\/\/api.w.org\/{rel}","templated":true}]}}