{"id":102097,"date":"2025-04-06T05:00:57","date_gmt":"2025-04-06T08:00:57","guid":{"rendered":"https:\/\/tvc16.com\/portal\/?p=102097"},"modified":"2025-04-06T11:02:27","modified_gmt":"2025-04-06T14:02:27","slug":"defesa-civil-ja-vistoriou-52-chamadas-referente-as-chuvas-de-sexta-e-sabado-04-e-05-04","status":"publish","type":"post","link":"https:\/\/tvc16.com\/portal\/2025\/04\/06\/defesa-civil-ja-vistoriou-52-chamadas-referente-as-chuvas-de-sexta-e-sabado-04-e-05-04\/","title":{"rendered":"Defesa Civil j\u00e1 vistoriou 52 chamadas referente \u00e0s chuvas de sexta e s\u00e1bado (04 e 05\/04)"},"content":{"rendered":"\n<p>A Defesa Civil (DC) registrou 99 chamadas, por conta das fortes chuvas entre a sexta-feira (04\/04) e s\u00e1bado (05\/04). N\u00e3o h\u00e1 v\u00edtimas. Desse total, 93 foram registradas no s\u00e1bado, e as equipes da DC j\u00e1 vistoriaram 52 chamadas. A Defesa Civil continua monitorando as condi\u00e7\u00f5es do tempo e emitir\u00e1 alertas, informes ou atualiza\u00e7\u00f5es a qualquer momento.<\/p>\n\n\n\n<p>Entre a tarde de sexta-feira (4) e \u00e0s 19h40 de s\u00e1bado (5), a Companhia Municipal de Desenvolvimento de Petr\u00f3polis (Comdep) realizou uma s\u00e9rie de a\u00e7\u00f5es em resposta \u00e0s chuvas que atingiram a cidade. As equipes atuaram em diversos bairros com servi\u00e7os como retirada de \u00e1rvores e galhos, limpeza de ruas, desobstru\u00e7\u00e3o de vias e recolhimento de res\u00edduos.<\/p>\n\n\n\n<p>Chamadas:<br>Deslizamentos, quedas de \u00e1rvores, rolamento de blocos, problemas em vias, queda de postes, alagamento e outros. \u00c9 importante dizer que os chamados est\u00e3o sendo atendidos pelas equipes dos t\u00e9cnicos da Defesa Civil.<\/p>\n\n\n\n<p>Ades\u00e3o aos pontos de apoio:<br>E.M. Papa Jo\u00e3o Paulo II: 4 adultos, 2 adolescentes e 1 crian\u00e7a<br>E.M. Ana Mohammad: 2 adultos, 4 crian\u00e7as, 1 adolescente e 1 idoso<br>E.M. Rubens de Castro Bomtempo: 3 adultos e 1 adolescente<br>E.M. Germano Valente: 9 adultos, 6 crian\u00e7as e 1 c\u00e3o<br>E. Comunidade Santo Ant\u00f4nio: 9 adultos, 1 adolescente e 3 crian\u00e7as<br>Escola Paroquial Bom Jesus: 3 adultos e 2 crian\u00e7as<br>E.M. Duque de Caxias: 1 adulto<br>E.M. Clemente Fernandes: 2 adultos e 2 crian\u00e7as<br>E.M. Marcello Alencar: 3 adultos, 4 crian\u00e7as e 1 beb\u00ea<br>E.M. Alto Independ\u00eancia: 1 adulto, 5 crian\u00e7as e 2 adolescentes<br>Adultos: 40 \/ Crian\u00e7as: 27 \/ Adolescentes: 6 \/ Idosos: 1 \/ Animais (c\u00e3es): 1<\/p>\n\n\n\n<p>Principais vias interditadas:<br>At\u00e9 o momento s\u00e3o 9 ruas interditadas.<\/p>\n\n\n\n<p>Rua Alagoas, Quitandinha<br>Estrada do Independ\u00eancia, Independ\u00eancia<br>Primeiro de Maio, Centro<br>Rua do Pontilh\u00e3o, Meio da Serra<br>Rua Col\u00f4mbia, Quitandinha<br>Rua Pernambuco, Nogueira<br>Rua Professora Ang\u00e9lica Lopes de Castro, Valpara\u00edso<br>Rua Greg\u00f3rio Cruzick, Itamarati<br>Rua Rio Grande do Sul, Quitandinha<\/p>\n\n\n\n<p>Principais vias liberadas<br>Duas Pontes, Centro<br>Rua Saldanha Marinho, Centro<br>Rua Washington Luiz, trecho da UPA Centro<br>Rua do Imperador, Centro<br>Rua Coronel Veiga, Centro<br>Rua Washington Luiz, Centro<br>Rua Olavo Bilac, Castel\u00e2nea<br>Rua Souza Franco, Centro<br>Rua dos Ferrovi\u00e1rios, Alto da Serra<br>Rua Jos\u00e9 C\u00e2ndido, Corr\u00eaas<br>Rua Vig\u00e1rio Correa, Corr\u00eaas<br>Rua Princesa Dona Paula, Corr\u00eaas<br>Est. Uni\u00e3o e Ind\u00fastria, Corr\u00eaas<br>Rua General Rondon, acesso ao Thouzet<br>Rua Pedro Elmer, Cascatinha<br>Rua Lopes Trov\u00e3o, Lopes Trov\u00e3o<br>Avenida Leopoldina, Nogueira<br>Rua Braz Rossi, Nogueira<br>Estrada Mineira, Bonsucesso<br>Rua Otto Reymarus, Alto da Serra<br>Rua Agante Mo\u00e7o, Itaipava<\/p>\n\n\n\n<p>Situa\u00e7\u00e3o atual:<\/p>\n\n\n\n<ul class=\"wp-block-list\">\n<li>C\u00e9u nublado, com chuva fraca a moderada.<\/li>\n<\/ul>\n\n\n\n<p>Previs\u00e3o para as pr\u00f3ximas horas:<\/p>\n\n\n\n<ul class=\"wp-block-list\">\n<li>C\u00e9u encoberto com chuva fraca a moderada.<\/li>\n<\/ul>\n\n\n\n<p>Maiores acumulados na \u00faltima hora:<\/p>\n\n\n\n<ul class=\"wp-block-list\">\n<li>Vila Const\u00e2ncia: 5,99mm (Cemaden BR)<\/li>\n\n\n\n<li>Dr. Thouzet: 4,4mm (Cemaden BR)<\/li>\n\n\n\n<li>24 de maio1-Rua Nova: 2,6mm (Cemaden BR)<\/li>\n<\/ul>\n\n\n\n<p>Maiores acumulados em 24h:<\/p>\n\n\n\n<ul class=\"wp-block-list\">\n<li>S\u00e3o Sebasti\u00e3o1-Vital: 293,6mm (Cemaden BR)<\/li>\n\n\n\n<li>Alto da Serra: 286,56mm (Cemaden BR)<\/li>\n\n\n\n<li>Independ\u00eancia2: 276,9mm (Cemaden BR)<\/li>\n<\/ul>\n\n\n\n<p>Maiores acumulados em 72h:<\/p>\n\n\n\n<ul class=\"wp-block-list\">\n<li>S\u00e3o Sebasti\u00e3o1-Vital: 353,2mm (Cemaden RJ)<\/li>\n\n\n\n<li>Alto da Serra: 332,02mm (Cemaden BR)<\/li>\n\n\n\n<li>Independ\u00eancia2: 330,55mm (Cemaden BR)<\/li>\n<\/ul>\n\n\n\n<p>Maiores acumulados em 96h:<\/p>\n\n\n\n<ul class=\"wp-block-list\">\n<li>S\u00e3o Sebasti\u00e3o1-Vital: 353,2mm (Cemaden RJ)<\/li>\n\n\n\n<li>Independ\u00eancia2: 330,55mm (Cemade BR)<\/li>\n\n\n\n<li>Alto da Serra: 332,05mm (Cemaden BR)<\/li>\n<\/ul>\n\n\n\n<p>Est\u00e1gio operacional:<\/p>\n\n\n\n<ul class=\"wp-block-list\">\n<li>Aten\u00e7\u00e3o<\/li>\n<\/ul>\n\n\n\n<p>Recomenda\u00e7\u00f5es da Defesa Civil:<br>A Defesa Civil refor\u00e7a a import\u00e2ncia de que moradores em \u00e1reas de risco mantenham aten\u00e7\u00e3o redobrada:<\/p>\n\n\n\n<ul class=\"wp-block-list\">\n<li>N\u00e3o permane\u00e7a em locais interditados<\/li>\n\n\n\n<li>N\u00e3o transite por \u00e1reas alagadas\/inundadas<\/li>\n\n\n\n<li>Esteja atento a sinais de deslizamentos<\/li>\n<\/ul>\n\n\n\n<p><strong>Em caso de emerg\u00eancia, ligue para o n\u00famero 199.<\/strong><\/p>\n\n\n\n<p>A Defesa Civil de Petr\u00f3polis informa que desmobilizou mais 10 pontos de apoio, ap\u00f3s an\u00e1lise do cen\u00e1rio meteorol\u00f3gico. Continuam abertos 10 pontos de apoio, onde h\u00e1 fam\u00edlias sendo atendidas.<\/p>\n\n\n\n<p>Confira a listagem dos pontos de apoio desmobilizados:<\/p>\n\n\n\n<ol class=\"wp-block-list\">\n<li>E.M. Duque de Caxias<\/li>\n\n\n\n<li>Escola S\u00e3o Crist\u00f3v\u00e3o<\/li>\n\n\n\n<li>Sal\u00e3o Paroquial S\u00e3o Paulo Ap\u00f3stolo<\/li>\n\n\n\n<li>Escola Municipalizada Pedro Amado<\/li>\n\n\n\n<li>E.M. Geraldo Ventura Dias<\/li>\n\n\n\n<li>Escola Paroquial Nossa Senhora da Gl\u00f3ria<\/li>\n\n\n\n<li>C.E.I. Chiquinha Rolla<\/li>\n\n\n\n<li>E.M. Odette Fonseca<\/li>\n\n\n\n<li>E.M. Governador Marcello Alencar<\/li>\n\n\n\n<li>E.M. Rosalina Nicolay<\/li>\n<\/ol>\n","protected":false},"excerpt":{"rendered":"<p>A Defesa Civil (DC) registrou 99 chamadas, por conta das fortes chuvas entre a sexta-feira<\/p>\n","protected":false},"author":2,"featured_media":102112,"comment_status":"open","ping_status":"open","sticky":false,"template":"","format":"standard","meta":{"footnotes":""},"categories":[12],"tags":[],"class_list":["post-102097","post","type-post","status-publish","format-standard","has-post-thumbnail","hentry","category-cidade"],"_links":{"self":[{"href":"https:\/\/tvc16.com\/portal\/wp-json\/wp\/v2\/posts\/102097","targetHints":{"allow":["GET"]}}],"collection":[{"href":"https:\/\/tvc16.com\/portal\/wp-json\/wp\/v2\/posts"}],"about":[{"href":"https:\/\/tvc16.com\/portal\/wp-json\/wp\/v2\/types\/post"}],"author":[{"embeddable":true,"href":"https:\/\/tvc16.com\/portal\/wp-json\/wp\/v2\/users\/2"}],"replies":[{"embeddable":true,"href":"https:\/\/tvc16.com\/portal\/wp-json\/wp\/v2\/comments?post=102097"}],"version-history":[{"count":1,"href":"https:\/\/tvc16.com\/portal\/wp-json\/wp\/v2\/posts\/102097\/revisions"}],"predecessor-version":[{"id":102098,"href":"https:\/\/tvc16.com\/portal\/wp-json\/wp\/v2\/posts\/102097\/revisions\/102098"}],"wp:featuredmedia":[{"embeddable":true,"href":"https:\/\/tvc16.com\/portal\/wp-json\/wp\/v2\/media\/102112"}],"wp:attachment":[{"href":"https:\/\/tvc16.com\/portal\/wp-json\/wp\/v2\/media?parent=102097"}],"wp:term":[{"taxonomy":"category","embeddable":true,"href":"https:\/\/tvc16.com\/portal\/wp-json\/wp\/v2\/categories?post=102097"},{"taxonomy":"post_tag","embeddable":true,"href":"https:\/\/tvc16.com\/portal\/wp-json\/wp\/v2\/tags?post=102097"}],"curies":[{"name":"wp","href":"https:\/\/api.w.org\/{rel}","templated":true}]}}