{"id":102099,"date":"2025-04-06T08:51:12","date_gmt":"2025-04-06T11:51:12","guid":{"rendered":"https:\/\/tvc16.com\/portal\/?p=102099"},"modified":"2025-04-06T08:51:13","modified_gmt":"2025-04-06T11:51:13","slug":"cemaden-rj-imforma-condicoes-meteorologicas-deste-domingo-06","status":"publish","type":"post","link":"https:\/\/tvc16.com\/portal\/2025\/04\/06\/cemaden-rj-imforma-condicoes-meteorologicas-deste-domingo-06\/","title":{"rendered":"CEMADEN-RJ imforma condi\u00e7\u00f5es meteorol\u00f3gicas deste domingo (06)"},"content":{"rendered":"\n<p>No momento, n\u00e3o h\u00e1 ocorr\u00eancia de chuva significativa no estado. A temperatura m\u00ednima registrada foi de 10,2\u00b0C em Petr\u00f3polis.<\/p>\n\n\n\n<p>CEN\u00c1RIO FUTURO<\/p>\n\n\n\n<p>PANORAMA METEOROL\u00d3GICO<\/p>\n\n\n\n<p>\u00c1reas de instabilidade, associadas ao transporte de umidade do oceano para o continente, devem provocar pancadas de chuva fraca a moderada, de forma isolada, durante a manh\u00e3 e a tarde em todo o estado. A temperatura m\u00e1xima prevista \u00e9 de 30\u00b0C na Regi\u00e3o Sul.<\/p>\n\n\n\n<p>RISCO HIDROL\u00d3GICO<\/p>\n\n\n\n<p>Ap\u00f3s a passagem da frente fria, h\u00e1 previs\u00e3o de redu\u00e7\u00e3o dos riscos hidrol\u00f3gicos para todo o estado. Portanto, h\u00e1 previs\u00e3o de risco hidrol\u00f3gico MODERADO para todas as regi\u00f5es.<\/p>\n\n\n\n<p>RISCO DE DESLIZAMENTO<\/p>\n\n\n\n<p>Permanece a previs\u00e3o atual de risco MUITO ALTO para as regi\u00f5es da Costa Verde (Angra dos Reis) e Serrana (Petr\u00f3polis). O cen\u00e1rio de risco ALTO mantem-se para as regi\u00f5es Serrana (Teres\u00f3polis), Costa Verde (Mangaratiba) e Baixada Fluminense (Duque de Caxias).H\u00e1 a previs\u00e3o de risco\u00a0 MODERADO de deslizamento para as demais regi\u00f5es do estado.<\/p>\n\n\n\n<p>Em caso de mudan\u00e7a de cen\u00e1rio, a Defesa Civil Estadual atualizar\u00e1 as informa\u00e7\u00f5es e emitir\u00e1 os alertas necess\u00e1rios pelas equipes de monitoramento do CEMADEN-RJ. <\/p>\n","protected":false},"excerpt":{"rendered":"<p>No momento, n\u00e3o h\u00e1 ocorr\u00eancia de chuva significativa no estado. A temperatura m\u00ednima registrada foi<\/p>\n","protected":false},"author":2,"featured_media":102100,"comment_status":"open","ping_status":"open","sticky":false,"template":"","format":"standard","meta":{"footnotes":""},"categories":[12],"tags":[],"class_list":["post-102099","post","type-post","status-publish","format-standard","has-post-thumbnail","hentry","category-cidade"],"_links":{"self":[{"href":"https:\/\/tvc16.com\/portal\/wp-json\/wp\/v2\/posts\/102099","targetHints":{"allow":["GET"]}}],"collection":[{"href":"https:\/\/tvc16.com\/portal\/wp-json\/wp\/v2\/posts"}],"about":[{"href":"https:\/\/tvc16.com\/portal\/wp-json\/wp\/v2\/types\/post"}],"author":[{"embeddable":true,"href":"https:\/\/tvc16.com\/portal\/wp-json\/wp\/v2\/users\/2"}],"replies":[{"embeddable":true,"href":"https:\/\/tvc16.com\/portal\/wp-json\/wp\/v2\/comments?post=102099"}],"version-history":[{"count":1,"href":"https:\/\/tvc16.com\/portal\/wp-json\/wp\/v2\/posts\/102099\/revisions"}],"predecessor-version":[{"id":102101,"href":"https:\/\/tvc16.com\/portal\/wp-json\/wp\/v2\/posts\/102099\/revisions\/102101"}],"wp:featuredmedia":[{"embeddable":true,"href":"https:\/\/tvc16.com\/portal\/wp-json\/wp\/v2\/media\/102100"}],"wp:attachment":[{"href":"https:\/\/tvc16.com\/portal\/wp-json\/wp\/v2\/media?parent=102099"}],"wp:term":[{"taxonomy":"category","embeddable":true,"href":"https:\/\/tvc16.com\/portal\/wp-json\/wp\/v2\/categories?post=102099"},{"taxonomy":"post_tag","embeddable":true,"href":"https:\/\/tvc16.com\/portal\/wp-json\/wp\/v2\/tags?post=102099"}],"curies":[{"name":"wp","href":"https:\/\/api.w.org\/{rel}","templated":true}]}}