{"id":102105,"date":"2025-04-06T10:37:04","date_gmt":"2025-04-06T13:37:04","guid":{"rendered":"https:\/\/tvc16.com\/portal\/?p=102105"},"modified":"2025-04-06T11:01:02","modified_gmt":"2025-04-06T14:01:02","slug":"prefeitura-intensifica-acoes-de-resposta-as-chuvas","status":"publish","type":"post","link":"https:\/\/tvc16.com\/portal\/2025\/04\/06\/prefeitura-intensifica-acoes-de-resposta-as-chuvas\/","title":{"rendered":"Prefeitura intensifica a\u00e7\u00f5es de resposta \u00e0s chuvas"},"content":{"rendered":"\n<p><br><em>Em 24h horas, em algumas regi\u00f5es, choveu 50% a mais do que o esperado para o m\u00eas todo<\/em><\/p>\n\n\n\n<p>A Prefeitura intensificou as a\u00e7\u00f5es de resposta nas regi\u00f5es mais atingidas pelas chuvas de s\u00e1bado (05\/04). Na manh\u00e3 deste domingo (06\/04), as equipes da Comdep est\u00e3o atuando na limpeza e desobstru\u00e7\u00e3o das vias. Alto da Serra, Corr\u00eaas e Nogueira recebem o refor\u00e7o das equipes e m\u00e1quinas.<\/p>\n\n\n\n<p>\u201cEstamos trabalhando para dar respostas r\u00e1pidas para a popula\u00e7\u00e3o, com as equipes da Comdep, Defesa Civil, Sa\u00fade, Assist\u00eancia, Educa\u00e7\u00e3o, CPTrans e Guarda Civil para que a cidade volte \u00e0 normalidade\u201d, disse o prefeito Hingo Hammes. \u201cForam muitas ocorr\u00eancias em v\u00e1rios pontos da cidade, mas o mais importante \u00e9 que n\u00e3o tivemos v\u00edtimas\u201d, frisou o prefeito.<\/p>\n\n\n\n<p>Equipes da Defesa Civil tamb\u00e9m est\u00e3o nas ruas, realizando as vistorias e atendendo aos chamados. De sexta-feira at\u00e9 a manh\u00e3 de domingo, 113 chamadas foram abertas. Desse total, 93 foram registradas no s\u00e1bado, e as equipes j\u00e1 vistoriaram 80 chamadas. N\u00e3o h\u00e1 registro de v\u00edtimas.<\/p>\n\n\n\n<p>J\u00e1 nos pontos de apoio, as secretarias de Sa\u00fade, da Assist\u00eancia Social e Educa\u00e7\u00e3o continuam no atendimento \u00e0s fam\u00edlias. Agentes de Sa\u00fade fazem o acolhimento e equipes m\u00f3veis com m\u00e9dico, enfermeiro, psic\u00f3logo e assistente social est\u00e3o percorrendo os abrigos para atendimento.<\/p>\n\n\n\n<p><em>Em 24h horas, em algumas regi\u00f5es, choveu 50% a mais do que o esperado para o m\u00eas todo<\/em><\/p>\n\n\n\n<p>Com acumulado em 24horas ultrapassando os 300mm (\u00edndice registrado s\u00e1bado, cinco de abril), em algumas regi\u00f5es da cidade, choveu 50% a mais do que o esperdo para o m\u00eas todo de abril. A previs\u00e3o para o per\u00edodo era em torno de 200mm, mas na localidade de S\u00e3o Sebasti\u00e3o, por exemplo, os pluvi\u00f4metros do Cemaden Nacional, registram no s\u00e1bado 301mm em 24 horas.<\/p>\n\n\n\n<p>\u201cAinda estamos com acumulados de chuva alto e com isso ainda h\u00e1 risco de movimenta\u00e7\u00e3o de massa, por isso \u00e9 importante que as pessoas, principalmente as que moram em \u00e1reas de risco, fiquem atentas. Continuamos monitorando e fazendo as atualiza\u00e7\u00f5es nas redes sociais da Defesa Civil e Prefeitura\u201d, disse o secret\u00e1rio de Prote\u00e7\u00e3o e Defesa Civil, Guilherme Moraes.<\/p>\n\n\n\n<p><em>Previs\u00e3o para o domingo<\/em><br>A previs\u00e3o do tempo para este domingo na cidade \u00e9 de chuva fraca durante todo o dia, podendo ser at\u00e9 moderada em alguns momentos.<\/p>\n\n\n\n<p>foto: reprodu\u00e7\u00e3o<\/p>\n","protected":false},"excerpt":{"rendered":"<p>Em 24h horas, em algumas regi\u00f5es, choveu 50% a mais do que o esperado para<\/p>\n","protected":false},"author":2,"featured_media":102111,"comment_status":"open","ping_status":"open","sticky":false,"template":"","format":"standard","meta":{"footnotes":""},"categories":[12],"tags":[],"class_list":["post-102105","post","type-post","status-publish","format-standard","has-post-thumbnail","hentry","category-cidade"],"_links":{"self":[{"href":"https:\/\/tvc16.com\/portal\/wp-json\/wp\/v2\/posts\/102105","targetHints":{"allow":["GET"]}}],"collection":[{"href":"https:\/\/tvc16.com\/portal\/wp-json\/wp\/v2\/posts"}],"about":[{"href":"https:\/\/tvc16.com\/portal\/wp-json\/wp\/v2\/types\/post"}],"author":[{"embeddable":true,"href":"https:\/\/tvc16.com\/portal\/wp-json\/wp\/v2\/users\/2"}],"replies":[{"embeddable":true,"href":"https:\/\/tvc16.com\/portal\/wp-json\/wp\/v2\/comments?post=102105"}],"version-history":[{"count":1,"href":"https:\/\/tvc16.com\/portal\/wp-json\/wp\/v2\/posts\/102105\/revisions"}],"predecessor-version":[{"id":102107,"href":"https:\/\/tvc16.com\/portal\/wp-json\/wp\/v2\/posts\/102105\/revisions\/102107"}],"wp:featuredmedia":[{"embeddable":true,"href":"https:\/\/tvc16.com\/portal\/wp-json\/wp\/v2\/media\/102111"}],"wp:attachment":[{"href":"https:\/\/tvc16.com\/portal\/wp-json\/wp\/v2\/media?parent=102105"}],"wp:term":[{"taxonomy":"category","embeddable":true,"href":"https:\/\/tvc16.com\/portal\/wp-json\/wp\/v2\/categories?post=102105"},{"taxonomy":"post_tag","embeddable":true,"href":"https:\/\/tvc16.com\/portal\/wp-json\/wp\/v2\/tags?post=102105"}],"curies":[{"name":"wp","href":"https:\/\/api.w.org\/{rel}","templated":true}]}}