{"id":102116,"date":"2025-04-06T16:51:33","date_gmt":"2025-04-06T19:51:33","guid":{"rendered":"https:\/\/tvc16.com\/portal\/?p=102116"},"modified":"2025-04-06T16:51:49","modified_gmt":"2025-04-06T19:51:49","slug":"comdep-atua-em-cerca-de-30-pontos-para-limpeza-e-liberacao-das-vias-atingidas-pelas-chuvas-de-sexta-e-sabado-04-e-05-04","status":"publish","type":"post","link":"https:\/\/tvc16.com\/portal\/2025\/04\/06\/comdep-atua-em-cerca-de-30-pontos-para-limpeza-e-liberacao-das-vias-atingidas-pelas-chuvas-de-sexta-e-sabado-04-e-05-04\/","title":{"rendered":"Comdep atua em cerca de 30 pontos para limpeza e libera\u00e7\u00e3o das vias atingidas pelas chuvas de sexta e s\u00e1bado (04 e 05\/04)"},"content":{"rendered":"\n<p>A Defesa Civil recebeu de sexta-feira (04\/04) at\u00e9 a manh\u00e3 de domingo (06\/04), 122 chamadas. As equipes da DC j\u00e1 vistoriaram 102. N\u00e3o h\u00e1 registro de v\u00edtimas.<\/p>\n\n\n\n<p>Entre a tarde de sexta-feira (4) e \u00e0s 19h40 de s\u00e1bado (5), a Companhia Municipal de Desenvolvimento de Petr\u00f3polis (Comdep) realizou uma s\u00e9rie de a\u00e7\u00f5es em resposta \u00e0s chuvas. As equipes atuam em cerca de 30 pontos da cidade com servi\u00e7os como retirada de \u00e1rvores e galhos, limpeza de ruas, desobstru\u00e7\u00e3o de vias e recolhimento de res\u00edduos.<\/p>\n\n\n\n<p>J\u00e1 nos pontos de apoio, as secretarias de Sa\u00fade, da Assist\u00eancia Social e Educa\u00e7\u00e3o continuam no atendimento \u00e0s fam\u00edlias. Agentes de Sa\u00fade fazem o acolhimento e equipes m\u00f3veis com m\u00e9dico, enfermeiro, psic\u00f3logo e assistente social est\u00e3o percorrendo os abrigos para atendimento. As equipes administrativas da Defesa Civil tamb\u00e9m realizam o cadastro das ocorr\u00eancias recebidas para viabilizar o atendimento t\u00e9cnico, incluindo vistorias, orienta\u00e7\u00f5es preventivas e encaminhamentos necess\u00e1rios.<\/p>\n\n\n\n<p>Chamadas:<br>Deslizamentos, quedas de \u00e1rvores, rolamento de blocos, problemas em vias, queda de postes, alagamento e outros.<\/p>\n\n\n\n<p>Ades\u00e3o aos pontos de apoio:<br>E.M. Ana Mohammad: 1 adulto, 3 crian\u00e7as e 1 adolescente<br>E.M. Germano Valente: 9 adultos e 6 crian\u00e7as<br>E. Comunidade Santo Ant\u00f4nio: 9 adultos, 1 adolescente e 3 crian\u00e7as<br>Escola Paroquial Bom Jesus: 3 adultos e 2 crian\u00e7as<br>E.M. Clemente Fernandes: 2 adultos e 2 crian\u00e7as<br>E.M. Marcello Alencar: 4 adultos, 4 crian\u00e7as e 1 beb\u00ea<br>E.M. Alto Independ\u00eancia: 2 adultos, 5 crian\u00e7as e 2 adolescentes<br>Adultos: 30 \/ Crian\u00e7as: 23 \/ Adolescentes: 4<\/p>\n\n\n\n<p>Principais vias interditadas:<br>At\u00e9 o momento s\u00e3o 5 vias interditadas:<br>Primeiro de Maio, Centro<br>Rua do Pontilh\u00e3o, Meio da Serra<br>Rua Col\u00f4mbia, Quitandinha<br>Rua Professora Ang\u00e9lica Lopes de Castro, Valpara\u00edso<br>Rua Rio Grande do Sul, Quitandinha<\/p>\n\n\n\n<p>Transporte p\u00fablico:<br>Tr\u00eas linhas funcionam de forma parcial:<br>Linha 101 (Rocio) atendendo somente at\u00e9 a entrada da regi\u00e3o.<br>Linhas 175 (Independ\u00eancia) e 176 (Independ\u00eancia via Jos\u00e9 Chaves) n\u00e3o est\u00e3o operando na Rua Jos\u00e9 Chaves. Os \u00f4nibus est\u00e3o manobrando no Cacilda Becker.<\/p>\n\n\n\n<p>Fornecimento de energia el\u00e9trica e \u00e1gua:<br>Nas ruas Rio Grande do Sul, no Quitandinha, Inoc\u00eancio Cleveland, na Castel\u00e2nea, e Morro da Oficina, no Alto da Serra, o abastecimento de \u00e1gua foi interrompido por conta de deslizamentos. Equipes da concession\u00e1ria \u00c1guas do Imperador est\u00e3o nos locais.<\/p>\n\n\n\n<p>De acordo com a concession\u00e1ria de energia Enel, cerca de 4,7 mil clientes est\u00e3o sem fornecimento de energia, o que corresponde a 2,69% dos clientes da distribuidora na cidade. Equipes est\u00e3o nas ruas para restabelecer o servi\u00e7o nesses pontos.<\/p>\n\n\n\n<p>Situa\u00e7\u00e3o atual:<\/p>\n\n\n\n<ul class=\"wp-block-list\">\n<li>C\u00e9u nublado, com chuva fraca a moderada.<\/li>\n<\/ul>\n\n\n\n<p>Previs\u00e3o para as pr\u00f3ximas horas:<\/p>\n\n\n\n<ul class=\"wp-block-list\">\n<li>C\u00e9u encoberto com chuva fraca a moderada.<\/li>\n<\/ul>\n\n\n\n<p>Maiores acumulados na \u00faltima hora:<\/p>\n\n\n\n<ul class=\"wp-block-list\">\n<li>Ch\u00e1cara Flora &#8211; Geo: 1,2mm (Cemanden BR)<\/li>\n\n\n\n<li>Dr. Thouzet: 0,8mm (Cemanden RJ)<\/li>\n\n\n\n<li>Quitandinha Duques: 0,6mm (Cemaden RJ)<\/li>\n<\/ul>\n\n\n\n<p>Maiores acumulados em 24h:<\/p>\n\n\n\n<ul class=\"wp-block-list\">\n<li>Alto da Serra: 152,89mm (Cemaden BR)<\/li>\n\n\n\n<li>S\u00e3o Sebasti\u00e3o1-Vital: 151,4mm (Cemaden RJ)<\/li>\n\n\n\n<li>Vila Felipe1-Campinho: 130mm (Cemaden RJ)<\/li>\n<\/ul>\n\n\n\n<p>Maiores acumulados em 72h:<\/p>\n\n\n\n<ul class=\"wp-block-list\">\n<li>S\u00e3o Sebasti\u00e3o1-Vital: 360,4mm (Cemaden RJ)<\/li>\n\n\n\n<li>Independ\u00eancia2: 337,48mm (Cemaden BR)<\/li>\n\n\n\n<li>Ch\u00e1cara Flora &#8211; Geo: 309,8mm (Cemaden BR)<\/li>\n<\/ul>\n\n\n\n<p>Maiores acumulados em 96h:<\/p>\n\n\n\n<ul class=\"wp-block-list\">\n<li>S\u00e3o Sebasti\u00e3o1-Vital: 360,4mm (Cemaden RJ)<\/li>\n\n\n\n<li>Alto da Serra: 342,1mm (Cemaden BR)<\/li>\n\n\n\n<li>Independ\u00eancia2: 337,48mm (Cemaden BR)<\/li>\n<\/ul>\n\n\n\n<p>Est\u00e1gio operacional:<\/p>\n\n\n\n<ul class=\"wp-block-list\">\n<li>Aten\u00e7\u00e3o<\/li>\n<\/ul>\n\n\n\n<p>Em 24h, em algumas regi\u00f5es, choveu 50% a mais do que o esperado para o m\u00eas todo<br>Com acumulado em 24 horas ultrapassando os 300mm (\u00edndice registrado s\u00e1bado, cinco de abril), em algumas regi\u00f5es da cidade, choveu 50% a mais do que o esperado para o m\u00eas todo de abril. A previs\u00e3o para o per\u00edodo era em torno de 200mm, mas na localidade de S\u00e3o Sebasti\u00e3o, por exemplo, os pluvi\u00f4metros do Cemaden Nacional, registram no s\u00e1bado, 301mm em 24 horas.<\/p>\n\n\n\n<p>Recomenda\u00e7\u00f5es da Defesa Civil:<br>A Defesa Civil refor\u00e7a a import\u00e2ncia de que moradores em \u00e1reas de risco mantenham aten\u00e7\u00e3o redobrada:<\/p>\n\n\n\n<ul class=\"wp-block-list\">\n<li>N\u00e3o permane\u00e7a em locais interditados<\/li>\n\n\n\n<li>N\u00e3o transite por \u00e1reas alagadas\/inundadas<\/li>\n\n\n\n<li>Esteja atento a sinais de deslizamentos<\/li>\n<\/ul>\n\n\n\n<p>Em caso de emerg\u00eancia, ligue para o n\u00famero 199.<\/p>\n","protected":false},"excerpt":{"rendered":"<p>A Defesa Civil recebeu de sexta-feira (04\/04) at\u00e9 a manh\u00e3 de domingo (06\/04), 122 chamadas.<\/p>\n","protected":false},"author":2,"featured_media":102117,"comment_status":"open","ping_status":"open","sticky":false,"template":"","format":"standard","meta":{"footnotes":""},"categories":[12],"tags":[],"class_list":["post-102116","post","type-post","status-publish","format-standard","has-post-thumbnail","hentry","category-cidade"],"_links":{"self":[{"href":"https:\/\/tvc16.com\/portal\/wp-json\/wp\/v2\/posts\/102116","targetHints":{"allow":["GET"]}}],"collection":[{"href":"https:\/\/tvc16.com\/portal\/wp-json\/wp\/v2\/posts"}],"about":[{"href":"https:\/\/tvc16.com\/portal\/wp-json\/wp\/v2\/types\/post"}],"author":[{"embeddable":true,"href":"https:\/\/tvc16.com\/portal\/wp-json\/wp\/v2\/users\/2"}],"replies":[{"embeddable":true,"href":"https:\/\/tvc16.com\/portal\/wp-json\/wp\/v2\/comments?post=102116"}],"version-history":[{"count":2,"href":"https:\/\/tvc16.com\/portal\/wp-json\/wp\/v2\/posts\/102116\/revisions"}],"predecessor-version":[{"id":102119,"href":"https:\/\/tvc16.com\/portal\/wp-json\/wp\/v2\/posts\/102116\/revisions\/102119"}],"wp:featuredmedia":[{"embeddable":true,"href":"https:\/\/tvc16.com\/portal\/wp-json\/wp\/v2\/media\/102117"}],"wp:attachment":[{"href":"https:\/\/tvc16.com\/portal\/wp-json\/wp\/v2\/media?parent=102116"}],"wp:term":[{"taxonomy":"category","embeddable":true,"href":"https:\/\/tvc16.com\/portal\/wp-json\/wp\/v2\/categories?post=102116"},{"taxonomy":"post_tag","embeddable":true,"href":"https:\/\/tvc16.com\/portal\/wp-json\/wp\/v2\/tags?post=102116"}],"curies":[{"name":"wp","href":"https:\/\/api.w.org\/{rel}","templated":true}]}}