{"id":102120,"date":"2025-04-06T16:55:53","date_gmt":"2025-04-06T19:55:53","guid":{"rendered":"https:\/\/tvc16.com\/portal\/?p=102120"},"modified":"2025-04-06T16:59:01","modified_gmt":"2025-04-06T19:59:01","slug":"aulas-na-rede-municipal-de-petropolis-serao-retomadas-nesta-segunda-feira-07","status":"publish","type":"post","link":"https:\/\/tvc16.com\/portal\/2025\/04\/06\/aulas-na-rede-municipal-de-petropolis-serao-retomadas-nesta-segunda-feira-07\/","title":{"rendered":"Aulas na rede municipal de Petr\u00f3polis ser\u00e3o retomadas nesta segunda-feira (07)"},"content":{"rendered":"\n<p><em>Retorno est\u00e1 previsto conforme calend\u00e1rio escolar. Pontos de apoio ainda ativos podem ter funcionamento ajustado<\/em><\/p>\n\n\n\n<p>As aulas na rede municipal de Petr\u00f3polis est\u00e3o mantidas para esta segunda-feira (07.04), conforme o calend\u00e1rio escolar. Ap\u00f3s as fortes chuvas do fim de semana, a Secretaria de Educa\u00e7\u00e3o confirmou a retomada das atividades em todas as unidades, com exce\u00e7\u00e3o daquelas que ainda estiverem funcionando como pontos de apoio emergencial.<\/p>\n\n\n\n<p>Em casos excepcionais, onde as escolas continuam acolhendo fam\u00edlias desalojadas, poder\u00e1 haver ajustes no funcionamento. A Prefeitura est\u00e1 organizando a desmobiliza\u00e7\u00e3o progressiva desses locais e a transfer\u00eancia das pessoas para novos espa\u00e7os adequados.<\/p>\n\n\n\n<p>O prefeito Hingo Hammes destacou o empenho das equipes envolvidas nas a\u00e7\u00f5es de resposta durante os \u00faltimos dias.<\/p>\n\n\n\n<p>\u201cA atua\u00e7\u00e3o dos profissionais nos pontos de apoio foi fundamental para garantir o acolhimento imediato das fam\u00edlias. Agora, \u00e9 essencial que as mais de 36 mil crian\u00e7as atendidas pela nossa rede estejam na escola, com o planejamento pedag\u00f3gico sendo cumprido sem interrup\u00e7\u00f5es\u201d, afirmou.<\/p>\n\n\n\n<p>A Secretaria de Educa\u00e7\u00e3o est\u00e1 em contato direto com as dire\u00e7\u00f5es escolares para orientar a retomada das atividades e garantir o suporte necess\u00e1rio. A coordena\u00e7\u00e3o do processo est\u00e1 sendo feita em conjunto com as \u00e1reas de Assist\u00eancia Social e Defesa Civil.<\/p>\n\n\n\n<p>O secret\u00e1rio de Educa\u00e7\u00e3o, Alexandre Gurgel, agradeceu o envolvimento das equipes da rede.<\/p>\n\n\n\n<p>\u201cTodos os profissionais da Educa\u00e7\u00e3o atuaram com dedica\u00e7\u00e3o para manter a seguran\u00e7a e o acolhimento das fam\u00edlias nos \u00faltimos dias. Retomar as aulas \u00e9 uma medida importante para que o tempo de ensino dos nossos alunos n\u00e3o seja comprometido\u201d, disse.<\/p>\n\n\n\n<p>A situa\u00e7\u00e3o das escolas est\u00e1 sendo monitorada pelas equipes t\u00e9cnicas. Em caso de mudan\u00e7a no funcionamento de alguma unidade, as fam\u00edlias ser\u00e3o informadas com anteced\u00eancia.<\/p>\n","protected":false},"excerpt":{"rendered":"<p>Retorno est\u00e1 previsto conforme calend\u00e1rio escolar. Pontos de apoio ainda ativos podem ter funcionamento ajustado<\/p>\n","protected":false},"author":2,"featured_media":92501,"comment_status":"open","ping_status":"open","sticky":false,"template":"","format":"standard","meta":{"footnotes":""},"categories":[12,1],"tags":[],"class_list":["post-102120","post","type-post","status-publish","format-standard","has-post-thumbnail","hentry","category-cidade","category-uncategorized"],"_links":{"self":[{"href":"https:\/\/tvc16.com\/portal\/wp-json\/wp\/v2\/posts\/102120","targetHints":{"allow":["GET"]}}],"collection":[{"href":"https:\/\/tvc16.com\/portal\/wp-json\/wp\/v2\/posts"}],"about":[{"href":"https:\/\/tvc16.com\/portal\/wp-json\/wp\/v2\/types\/post"}],"author":[{"embeddable":true,"href":"https:\/\/tvc16.com\/portal\/wp-json\/wp\/v2\/users\/2"}],"replies":[{"embeddable":true,"href":"https:\/\/tvc16.com\/portal\/wp-json\/wp\/v2\/comments?post=102120"}],"version-history":[{"count":1,"href":"https:\/\/tvc16.com\/portal\/wp-json\/wp\/v2\/posts\/102120\/revisions"}],"predecessor-version":[{"id":102121,"href":"https:\/\/tvc16.com\/portal\/wp-json\/wp\/v2\/posts\/102120\/revisions\/102121"}],"wp:featuredmedia":[{"embeddable":true,"href":"https:\/\/tvc16.com\/portal\/wp-json\/wp\/v2\/media\/92501"}],"wp:attachment":[{"href":"https:\/\/tvc16.com\/portal\/wp-json\/wp\/v2\/media?parent=102120"}],"wp:term":[{"taxonomy":"category","embeddable":true,"href":"https:\/\/tvc16.com\/portal\/wp-json\/wp\/v2\/categories?post=102120"},{"taxonomy":"post_tag","embeddable":true,"href":"https:\/\/tvc16.com\/portal\/wp-json\/wp\/v2\/tags?post=102120"}],"curies":[{"name":"wp","href":"https:\/\/api.w.org\/{rel}","templated":true}]}}