{"id":102122,"date":"2025-04-06T17:03:18","date_gmt":"2025-04-06T20:03:18","guid":{"rendered":"https:\/\/tvc16.com\/portal\/?p=102122"},"modified":"2025-04-06T17:03:20","modified_gmt":"2025-04-06T20:03:20","slug":"governo-federal-reconhece-situacao-de-emergencia-em-angra-dos-reis","status":"publish","type":"post","link":"https:\/\/tvc16.com\/portal\/2025\/04\/06\/governo-federal-reconhece-situacao-de-emergencia-em-angra-dos-reis\/","title":{"rendered":"Governo federal reconhece situa\u00e7\u00e3o de emerg\u00eancia em Angra dos Reis"},"content":{"rendered":"\n<p>O Governo Federal reconheceu neste domingo (6), em car\u00e1ter&nbsp;sum\u00e1rio, a Situa\u00e7\u00e3o de Emerg\u00eancia decretada pelo munic\u00edpio de Angra dos Reis, na Costa Verde do Rio de Janeiro, por causa das fortes chuvas ocorridas nos \u00faltimos dias.&nbsp;<strong>A medida permite acelerar o repasse de recursos para a\u00e7\u00f5es de socorro e assist\u00eancia.&nbsp;<\/strong><img decoding=\"async\" src=\"https:\/\/agenciabrasil.ebc.com.br\/ebc.png?id=1637712&amp;o=node\"><img decoding=\"async\" src=\"https:\/\/agenciabrasil.ebc.com.br\/ebc.gif?id=1637712&amp;o=node\"><\/p>\n\n\n\n<p>De acordo com o \u00faltimo balan\u00e7o divulgado pela prefeitura, h\u00e1 331 pessoas desalojadas que est\u00e3o&nbsp;em quatro abrigos municipais. A situa\u00e7\u00e3o do munic\u00edpio est\u00e1 sendo acompanhada pela Defesa Civil Nacional, que registrou acumulados de at\u00e9 270 mil\u00edmetros (mm) de chuva.<\/p>\n\n\n\n<p><strong>A ferramenta Defesa Civil Alerta, que emite avisos de perigo para todos os celulares nas regi\u00f5es afetadas, foi acionada 24 vezes.<\/strong>&nbsp;Foram registradas, pelo menos, seis ocorr\u00eancias de deslizamentos de terra, seis pontos de alagamento, nove quedas de \u00e1rvores, al\u00e9m de obstru\u00e7\u00f5es de vias.<\/p>\n\n\n\n<p>De acordo com o Minist\u00e9rio da Integra\u00e7\u00e3o e do Desenvolvimento Regional, desde a segunda-feira (1), \u00f3rg\u00e3os federais alertaram para o risco de chuvas extremas no estado do Rio. Na quarta-feira (3), o Centro Nacional de Gerenciamento de Riscos e Desastres (Cenad) realizou uma reuni\u00e3o com mais de 250 representantes de \u00f3rg\u00e3os municipais, estaduais e federais para planejar as a\u00e7\u00f5es de resposta \u00e0s poss\u00edveis ocorr\u00eancias.<\/p>\n\n\n\n<h2 class=\"wp-block-heading\">Monitoramento<\/h2>\n\n\n\n<p>As condi\u00e7\u00f5es meteorol\u00f3gicas melhoraram em todo o estado neste domingo (6), mas<strong>&nbsp;a defesa civil estadual mant\u00e9m alerta de risco muito alto para Angra dos Reis e Petr\u00f3polis, e risco alto para as cidades de Mangaratiba, Teres\u00f3polis e Duque de Caxias.<\/strong><\/p>\n\n\n\n<figure class=\"wp-block-image\"><img loading=\"lazy\" decoding=\"async\" width=\"754\" height=\"503\" src=\"https:\/\/tvc16.com\/portal\/wp-content\/uploads\/2025\/04\/whatsapp_image_2025-04-06_at_10.34.55.webp\" alt=\"Per\u00f3polis (RJ), 06\/04\/2025 - Limpeza de ruas ap\u00f3s fortes chuvas. Foto: Prefeitura de Petr\u00f3polis\/Divulga\u00e7\u00e3o\" class=\"wp-image-102124\" title=\"Prefeitura de Petr\u00f3polis\/Divulga\u00e7\u00e3o\" srcset=\"https:\/\/tvc16.com\/portal\/wp-content\/uploads\/2025\/04\/whatsapp_image_2025-04-06_at_10.34.55.webp 754w, https:\/\/tvc16.com\/portal\/wp-content\/uploads\/2025\/04\/whatsapp_image_2025-04-06_at_10.34.55-300x200.webp 300w\" sizes=\"auto, (max-width: 754px) 100vw, 754px\" \/><\/figure>\n\n\n\n<h6 class=\"wp-block-heading\">Limpeza de ruas ap\u00f3s fortes chuvas em Petr\u00f3polis&nbsp;<strong>Prefeitura de Petr\u00f3polis\/Divulga\u00e7\u00e3o<\/strong><\/h6>\n\n\n\n<p>O governador Cl\u00e1udio Castro, que estava em Petr\u00f3polis, voltou para a capital no in\u00edcio da tarde, mas disse que as pr\u00f3ximas 72 horas ainda ser\u00e3o de alerta: &#8220;O solo est\u00e1 muito encharcado, e o perigo de deslizamentos exige aten\u00e7\u00e3o redobrada&#8221;. Desde sexta-feira (4), foram registradas 122 ocorr\u00eancias na cidade, e, na tarde deste domingo (06), 57 pessoas permaneciam abrigadas em pontos de apoio abertos pela prefeitura.<\/p>\n\n\n\n<p>Castro tamb\u00e9m disse que o governo passou a monitorar a situa\u00e7\u00e3o em Campos dos Goytacazes, cidade no Norte Fluminense, que tamb\u00e9m registrou chuvas neste domingo (6.)&nbsp;<strong>O governador pediu ainda que a popula\u00e7\u00e3o de todo o estado permane\u00e7a atenta aos alertas da Defesa Civil e obede\u00e7a \u00e0s orienta\u00e7\u00f5es.<\/strong><\/p>\n\n\n\n<p>T\u00e2mara Freire &#8211; rep\u00f3rter da Ag\u00eancia Brasil<br>Foto \u00a9 Arquivo\/Defesa Civil<br><\/p>\n","protected":false},"excerpt":{"rendered":"<p>O Governo Federal reconheceu neste domingo (6), em car\u00e1ter&nbsp;sum\u00e1rio, a Situa\u00e7\u00e3o de Emerg\u00eancia decretada pelo<\/p>\n","protected":false},"author":2,"featured_media":102123,"comment_status":"open","ping_status":"open","sticky":false,"template":"","format":"standard","meta":{"footnotes":""},"categories":[17],"tags":[],"class_list":["post-102122","post","type-post","status-publish","format-standard","has-post-thumbnail","hentry","category-outras-noticias"],"_links":{"self":[{"href":"https:\/\/tvc16.com\/portal\/wp-json\/wp\/v2\/posts\/102122","targetHints":{"allow":["GET"]}}],"collection":[{"href":"https:\/\/tvc16.com\/portal\/wp-json\/wp\/v2\/posts"}],"about":[{"href":"https:\/\/tvc16.com\/portal\/wp-json\/wp\/v2\/types\/post"}],"author":[{"embeddable":true,"href":"https:\/\/tvc16.com\/portal\/wp-json\/wp\/v2\/users\/2"}],"replies":[{"embeddable":true,"href":"https:\/\/tvc16.com\/portal\/wp-json\/wp\/v2\/comments?post=102122"}],"version-history":[{"count":1,"href":"https:\/\/tvc16.com\/portal\/wp-json\/wp\/v2\/posts\/102122\/revisions"}],"predecessor-version":[{"id":102125,"href":"https:\/\/tvc16.com\/portal\/wp-json\/wp\/v2\/posts\/102122\/revisions\/102125"}],"wp:featuredmedia":[{"embeddable":true,"href":"https:\/\/tvc16.com\/portal\/wp-json\/wp\/v2\/media\/102123"}],"wp:attachment":[{"href":"https:\/\/tvc16.com\/portal\/wp-json\/wp\/v2\/media?parent=102122"}],"wp:term":[{"taxonomy":"category","embeddable":true,"href":"https:\/\/tvc16.com\/portal\/wp-json\/wp\/v2\/categories?post=102122"},{"taxonomy":"post_tag","embeddable":true,"href":"https:\/\/tvc16.com\/portal\/wp-json\/wp\/v2\/tags?post=102122"}],"curies":[{"name":"wp","href":"https:\/\/api.w.org\/{rel}","templated":true}]}}