{"id":102126,"date":"2025-04-06T17:06:17","date_gmt":"2025-04-06T20:06:17","guid":{"rendered":"https:\/\/tvc16.com\/portal\/?p=102126"},"modified":"2025-04-06T17:06:19","modified_gmt":"2025-04-06T20:06:19","slug":"campanha-de-vacinacao-contra-a-gripe-comeca-na-segunda-feira","status":"publish","type":"post","link":"https:\/\/tvc16.com\/portal\/2025\/04\/06\/campanha-de-vacinacao-contra-a-gripe-comeca-na-segunda-feira\/","title":{"rendered":"Campanha de vacina\u00e7\u00e3o contra a gripe come\u00e7a na segunda-feira"},"content":{"rendered":"\n<p>A campanha nacional de vacina\u00e7\u00e3o contra a influenza come\u00e7a na pr\u00f3xima segunda-feira (7).&nbsp;<strong>A meta \u00e9 imunizar 90% dos chamados grupos priorit\u00e1rios, que incluem crian\u00e7as de 6 meses a menores de 6 anos, idosos e gestantes.&nbsp;<\/strong>Tamb\u00e9m podem receber a dose:<img decoding=\"async\" src=\"https:\/\/agenciabrasil.ebc.com.br\/ebc.png?id=1637588&amp;o=node\"><img decoding=\"async\" src=\"https:\/\/agenciabrasil.ebc.com.br\/ebc.gif?id=1637588&amp;o=node\"><\/p>\n\n\n\n<ul class=\"wp-block-list\">\n<li>trabalhadores da sa\u00fade;<\/li>\n\n\n\n<li>pu\u00e9rperas;<\/li>\n\n\n\n<li>professores dos ensinos b\u00e1sico e superior;<\/li>\n\n\n\n<li>povos ind\u00edgenas;<\/li>\n\n\n\n<li>pessoas em situa\u00e7\u00e3o de rua;<\/li>\n\n\n\n<li>profissionais das for\u00e7as de seguran\u00e7a e de salvamento;<\/li>\n\n\n\n<li>profissionais das For\u00e7as Armadas;<\/li>\n\n\n\n<li>pessoas com doen\u00e7as cr\u00f4nicas n\u00e3o transmiss\u00edveis e outras condi\u00e7\u00f5es cl\u00ednicas especiais (independentemente da idade);<\/li>\n\n\n\n<li>pessoas com defici\u00eancia permanente;<\/li>\n\n\n\n<li>caminhoneiros;<\/li>\n\n\n\n<li>trabalhadores do transporte rodovi\u00e1rio coletivo (urbano e de longo curso);<\/li>\n\n\n\n<li>trabalhadores portu\u00e1rios<\/li>\n\n\n\n<li>funcion\u00e1rios do sistema de priva\u00e7\u00e3o de liberdade;<\/li>\n\n\n\n<li>popula\u00e7\u00e3o privada de liberdade, incluindo adolescentes e jovens sob medidas socioeducativas (com idade entre 12 e 21 anos).<\/li>\n<\/ul>\n\n\n\n<h2 class=\"wp-block-heading\">Doses<\/h2>\n\n\n\n<p>De acordo com o Minist\u00e9rio da Sa\u00fade<strong>, o imunizante distribu\u00eddo na rede p\u00fablica protege contra&nbsp;tr\u00eas v\u00edrus do tipo influenza e garante uma redu\u00e7\u00e3o do risco de casos graves e \u00f3bitos provocados pela doen\u00e7a<\/strong>.<\/p>\n\n\n\n<p>Para a vacina\u00e7\u00e3o deste ano, a pasta adquiriu um total de 73,6 milh\u00f5es de doses. No primeiro semestre, 67,6 milh\u00f5es de doses devem ser distribu\u00eddas para as regi\u00f5es Sul, Sudeste, Centro-Oeste e Nordeste. No segundo semestre, 5,9 milh\u00f5es ser\u00e3o enviadas para o Norte.<\/p>\n\n\n\n<h2 class=\"wp-block-heading\">Inverno amaz\u00f4nico<\/h2>\n\n\n\n<p>A campanha, este ano, ser\u00e1 realizada em dois momentos:<\/p>\n\n\n\n<ul class=\"wp-block-list\">\n<li><strong>primeiro semestre (mar\u00e7o\/abril): nas regi\u00f5es Nordeste, Centro-Oeste, Sudeste e Sul<\/strong><\/li>\n\n\n\n<li><strong>segundo semestre (setembro): na Regi\u00e3o Norte, alinhando-se ao per\u00edodo de maior circula\u00e7\u00e3o viral na regi\u00e3o.<\/strong><\/li>\n<\/ul>\n\n\n\n<p>\u201cEnquanto no Sul, Sudeste, Centro-Oeste e Nordeste o pico de casos ocorre no outono e inverno (abril a junho), na Regi\u00e3o Norte, devido ao clima tropical e ao regime de chuvas, a maior circula\u00e7\u00e3o do v\u00edrus acontece no segundo semestre, geralmente entre setembro e novembro, o chamado inverno amaz\u00f4nico\u201d, destacou o minist\u00e9rio.<\/p>\n\n\n\n<h2 class=\"wp-block-heading\">Efic\u00e1cia e seguran\u00e7a<\/h2>\n\n\n\n<p>Ainda de acordo com a pasta,<strong>&nbsp;a vacina contra a gripe \u00e9 capaz de evitar entre 60% e 70% dos casos graves e dos \u00f3bitos relacionados \u00e0 doen\u00e7a.<\/strong><\/p>\n\n\n\n<p>Em 2025, a dose cont\u00e9m as seguintes cepas: H1N1, H3N2 e B. A administra\u00e7\u00e3o, de acordo com o minist\u00e9rio, pode ser feita junto a outras vacinas do Calend\u00e1rio Nacional de Vacina\u00e7\u00e3o.<\/p>\n\n\n\n<p>O imunizante \u00e9 contraindicado para crian\u00e7as menores de 6 meses e pessoas com hist\u00f3rico de anafilaxia grave ap\u00f3s doses anteriores.<\/p>\n\n\n\n<p>\u201cA influenza e a covid-19 continuam sendo amea\u00e7as para a sa\u00fade p\u00fablica, especialmente para as pessoas n\u00e3o vacinadas\u201d, ressaltou a pasta.<\/p>\n\n\n\n<p>Em 2024, a cobertura vacinal contra a gripe entre os p\u00fablicos priorit\u00e1rios foi de 48,89% na Regi\u00e3o Norte e 55,19% nas demais regi\u00f5es.<\/p>\n\n\n\n<blockquote class=\"wp-block-quote is-layout-flow wp-block-quote-is-layout-flow\">\n<p>\u201cO Minist\u00e9rio da Sa\u00fade refor\u00e7a a import\u00e2ncia da vacina\u00e7\u00e3o e conta com a participa\u00e7\u00e3o de toda a popula\u00e7\u00e3o. Vacinar-se \u00e9 um ato de cuidado pr\u00f3prio e coletivo. As vacinas s\u00e3o seguras, eficazes e gratuitas.\u201d<\/p>\n<\/blockquote>\n\n\n\n<p>Paula Laboissi\u00e8re \u2013 Rep\u00f3rter da Ag\u00eancia Brasil<br>Foto: \u00a9 Valter Campanato\/Ag\u00eancia Brasil<br><\/p>\n","protected":false},"excerpt":{"rendered":"<p>A campanha nacional de vacina\u00e7\u00e3o contra a influenza come\u00e7a na pr\u00f3xima segunda-feira (7).&nbsp;A meta \u00e9<\/p>\n","protected":false},"author":2,"featured_media":102127,"comment_status":"open","ping_status":"open","sticky":false,"template":"","format":"standard","meta":{"footnotes":""},"categories":[17],"tags":[],"class_list":["post-102126","post","type-post","status-publish","format-standard","has-post-thumbnail","hentry","category-outras-noticias"],"_links":{"self":[{"href":"https:\/\/tvc16.com\/portal\/wp-json\/wp\/v2\/posts\/102126","targetHints":{"allow":["GET"]}}],"collection":[{"href":"https:\/\/tvc16.com\/portal\/wp-json\/wp\/v2\/posts"}],"about":[{"href":"https:\/\/tvc16.com\/portal\/wp-json\/wp\/v2\/types\/post"}],"author":[{"embeddable":true,"href":"https:\/\/tvc16.com\/portal\/wp-json\/wp\/v2\/users\/2"}],"replies":[{"embeddable":true,"href":"https:\/\/tvc16.com\/portal\/wp-json\/wp\/v2\/comments?post=102126"}],"version-history":[{"count":1,"href":"https:\/\/tvc16.com\/portal\/wp-json\/wp\/v2\/posts\/102126\/revisions"}],"predecessor-version":[{"id":102128,"href":"https:\/\/tvc16.com\/portal\/wp-json\/wp\/v2\/posts\/102126\/revisions\/102128"}],"wp:featuredmedia":[{"embeddable":true,"href":"https:\/\/tvc16.com\/portal\/wp-json\/wp\/v2\/media\/102127"}],"wp:attachment":[{"href":"https:\/\/tvc16.com\/portal\/wp-json\/wp\/v2\/media?parent=102126"}],"wp:term":[{"taxonomy":"category","embeddable":true,"href":"https:\/\/tvc16.com\/portal\/wp-json\/wp\/v2\/categories?post=102126"},{"taxonomy":"post_tag","embeddable":true,"href":"https:\/\/tvc16.com\/portal\/wp-json\/wp\/v2\/tags?post=102126"}],"curies":[{"name":"wp","href":"https:\/\/api.w.org\/{rel}","templated":true}]}}