{"id":102136,"date":"2025-04-07T08:08:41","date_gmt":"2025-04-07T11:08:41","guid":{"rendered":"https:\/\/tvc16.com\/portal\/?p=102136"},"modified":"2025-04-07T08:08:43","modified_gmt":"2025-04-07T11:08:43","slug":"prefeitura-decreta-situacao-de-emergencia-por-conta-das-fortes-chuvas-deste-fim-de-semana","status":"publish","type":"post","link":"https:\/\/tvc16.com\/portal\/2025\/04\/07\/prefeitura-decreta-situacao-de-emergencia-por-conta-das-fortes-chuvas-deste-fim-de-semana\/","title":{"rendered":"Prefeitura decreta situa\u00e7\u00e3o de emerg\u00eancia por conta das fortes chuvas deste fim de semana"},"content":{"rendered":"\n<p><em>Cidade registrou mais de 300mm de chuva em 24 horas<\/em><\/p>\n\n\n\n<p>Por Reda\u00e7\u00e3o Correio Petropolitano<br><br>A Prefeitura de Petr\u00f3polis decretou situa\u00e7\u00e3o de emerg\u00eancia por conta das fortes chuvas que atingiram a cidade entre sexta (4) e s\u00e1bado (5). Em 24 horas, o munic\u00edpio registrou mais de 300mm de chuva na regi\u00e3o do S\u00e3o Sebasti\u00e3o, tamb\u00e9m choveu 296,81mm no Independ\u00eancia, 295,81mm no Alto da Serra e 248,2mm no Ch\u00e1cara da Flora, de acordo com os pluvi\u00f4metros do Cemaden Nacional. Foram mais de 90 chamados de deslizamentos, quedas de \u00e1rvores, rolamento de blocos, problemas em vias, queda de postes, alagamento e outros.<\/p>\n\n\n\n<p>\u201cO principal motivo \u00e9 conseguir recursos, principalmente do Governo Federal, para restabelecimento da cidade, que fui muito afetada, em especial nas regi\u00f5es do Alto da Serra e Independ\u00eancia, mais afetadas pelas chuvas que excede a capacidade de resposta do munic\u00edpio, comprometendo sua infraestrutura de atendimento \u00e0 emerg\u00eancia e de recupera\u00e7\u00e3o\u201d, ressaltou o prefeito Hingo Hammes.<\/p>\n\n\n\n<p>O texto prev\u00ea a requisi\u00e7\u00e3o de ve\u00edculos, m\u00e1quinas e equipamentos<br>junto a empresas e entidades privadas e junto a \u00f3rg\u00e3os da Administra\u00e7\u00e3o P\u00fablica, direta ou indireta, federal, estadual ou municipal; a arregimenta\u00e7\u00e3o, recrutamento e contrata\u00e7\u00e3o de pessoal para presta\u00e7\u00e3o dos servi\u00e7os necess\u00e1rios, sejam volunt\u00e1rios ou mediante remunera\u00e7\u00e3o, conforme necessidade emergencial, al\u00e9m da compra de g\u00eaneros aliment\u00edcios e insumos para atendimento das necessidades imediatas das pessoas e fam\u00edlias vitimadas pelas chuvas.<\/p>\n\n\n\n<p>O decreto tamb\u00e9m prev\u00ea desapropria\u00e7\u00f5es de utilidade p\u00fablica para garantir o atendimento da popula\u00e7\u00e3o. O texto completo da edi\u00e7\u00e3o extraordin\u00e1ria (D.O.) ser\u00e1 publicado no site da Prefeitura (petropolis.rj.gov.br).<\/p>\n","protected":false},"excerpt":{"rendered":"<p>Cidade registrou mais de 300mm de chuva em 24 horas Por Reda\u00e7\u00e3o Correio Petropolitano A<\/p>\n","protected":false},"author":2,"featured_media":102137,"comment_status":"open","ping_status":"open","sticky":false,"template":"","format":"standard","meta":{"footnotes":""},"categories":[12],"tags":[],"class_list":["post-102136","post","type-post","status-publish","format-standard","has-post-thumbnail","hentry","category-cidade"],"_links":{"self":[{"href":"https:\/\/tvc16.com\/portal\/wp-json\/wp\/v2\/posts\/102136","targetHints":{"allow":["GET"]}}],"collection":[{"href":"https:\/\/tvc16.com\/portal\/wp-json\/wp\/v2\/posts"}],"about":[{"href":"https:\/\/tvc16.com\/portal\/wp-json\/wp\/v2\/types\/post"}],"author":[{"embeddable":true,"href":"https:\/\/tvc16.com\/portal\/wp-json\/wp\/v2\/users\/2"}],"replies":[{"embeddable":true,"href":"https:\/\/tvc16.com\/portal\/wp-json\/wp\/v2\/comments?post=102136"}],"version-history":[{"count":1,"href":"https:\/\/tvc16.com\/portal\/wp-json\/wp\/v2\/posts\/102136\/revisions"}],"predecessor-version":[{"id":102138,"href":"https:\/\/tvc16.com\/portal\/wp-json\/wp\/v2\/posts\/102136\/revisions\/102138"}],"wp:featuredmedia":[{"embeddable":true,"href":"https:\/\/tvc16.com\/portal\/wp-json\/wp\/v2\/media\/102137"}],"wp:attachment":[{"href":"https:\/\/tvc16.com\/portal\/wp-json\/wp\/v2\/media?parent=102136"}],"wp:term":[{"taxonomy":"category","embeddable":true,"href":"https:\/\/tvc16.com\/portal\/wp-json\/wp\/v2\/categories?post=102136"},{"taxonomy":"post_tag","embeddable":true,"href":"https:\/\/tvc16.com\/portal\/wp-json\/wp\/v2\/tags?post=102136"}],"curies":[{"name":"wp","href":"https:\/\/api.w.org\/{rel}","templated":true}]}}