{"id":102139,"date":"2025-04-07T08:10:18","date_gmt":"2025-04-07T11:10:18","guid":{"rendered":"https:\/\/tvc16.com\/portal\/?p=102139"},"modified":"2025-04-07T08:10:36","modified_gmt":"2025-04-07T11:10:36","slug":"petropolis-registra-81-ocorrencias-por-conta-das-fortes-chuvas","status":"publish","type":"post","link":"https:\/\/tvc16.com\/portal\/2025\/04\/07\/petropolis-registra-81-ocorrencias-por-conta-das-fortes-chuvas\/","title":{"rendered":"Petr\u00f3polis registra 81 ocorr\u00eancias por conta das fortes chuvas"},"content":{"rendered":"\n<p>As fortes chuvas que atingiram a cidade de Petr\u00f3polis entre a tarde de sexta-feira (04) e s\u00e1bado (05), causaram diversas ocorr\u00eancias em diferentes regi\u00f5es do munic\u00edpio. Ao todo at\u00e9 o momento, a Defesa Civil contabilizou 81 incidentes. O \u00f3rg\u00e3o informou que continua monitorando as condi\u00e7\u00f5es do tempo e emitir\u00e1 alertas, informes ou atualiza\u00e7\u00f5es a qualquer momento.<\/p>\n\n\n\n<p>Frente ao ocorrido a Comdep realizou neste s\u00e1bado, diversos servi\u00e7os de limpeza e desobstru\u00e7\u00e3o em pontos afetados pelas chuvas. Entre as a\u00e7\u00f5es est\u00e3o a retirada de galhos na Avenida Bar\u00e3o do Rio Branco; a remo\u00e7\u00e3o de uma \u00e1rvore com deslizamento em frente \u00e0 garagem da Cidade Real, no Independ\u00eancia; e a limpeza de barreiras na Rua Alagoas. Tamb\u00e9m foram realizadas a desobstru\u00e7\u00e3o de via no BNH Sargento Boening, a retirada de \u00e1rvore na Rua Col\u00f4mbia, no Quitandinha, a limpeza na Escola Municipal Rosalina Nicolay, na Rua Presidente Sodr\u00e9, e a remo\u00e7\u00e3o de \u00e1rvore na Rua Dr. Henrique Castrioto, na Castel\u00e2nea.<\/p>\n\n\n\n<p>As equipes da Comdep continuam nas ruas atuando na limpeza e desobstru\u00e7\u00e3o das vias.<\/p>\n\n\n\n<p><strong>Ocorr\u00eancias<br><\/strong>Foram registrados, deslizamentos, quedas de \u00e1rvores, rolamento de blocos, problemas em vias, queda de postes, alagamento e outros.<br>Pontos de apoio<br>54 pontos de apoio abertos no primeiro, segundo e terceiro distritos.<\/p>\n\n\n\n<p><strong>Ades\u00e3o aos pontos de apoio:<br><\/strong>E.M. Marcello Alencar: 2 idosos, 2 adultos, 2 crian\u00e7as e 3 c\u00e3es<br>E.M. Papa Jo\u00e3o Paulo II: 2 idosos, 7 adultos, 3 adolescentes e 1 crian\u00e7a<br>E.M. Ana Mohammad: 2 adultos, 4 crian\u00e7as, 1 adolescente<br>E.M. Rubens de Castro Bomtempo: 3 adultos e 1 adolescente<br>E.M. Germano Valente: 5 adultos e 2 crian\u00e7as<br>E.M. Stefan Zweig: 1 adulto<br>E. Comunidade Santo Ant\u00f4nio: 7 adultos, 3 adolescentes e 6 crian\u00e7as<br>Escola Paroquial Bom Jesus: 2 adultos e 2 crian\u00e7as<br>Escola Germano Valente: 4 homens, 2 mulheres e 2 crian\u00e7as<br>E. Municipalizada Herc\u00edlia H. Moret: 2 idosos, 10 adultos e 9 crian\u00e7as<br>E.M. Duque de Caxias: 1 adulto<br>Adultos: 60 \/ Crian\u00e7as: 30 \/ Adolescentes: 8 \/ Animais (c\u00e3es): 5<\/p>\n\n\n\n<p><strong>Principais vias interditadas<br><\/strong>At\u00e9 o momento, s\u00e3o 23 ruas interditadas.<br>Rua Alagoas, Quitandinha<br>Rua Washington Luiz, Centro<br>Rua dos Ferrovi\u00e1rios, Alto da Serra<br>Estrada do Independ\u00eancia<br>Rua Olavo Bilac, Castel\u00e2nea<br>Rua General Rondon, acesso ao Thouzet<br>Rua Souza Franco (Rua da Feira), Centro<br>Estrada Uni\u00e3o e Ind\u00fastria, Corr\u00eaas (em frente ao Semin\u00e1rio, terminal, Bonsucesso e BNH)<br>Primeiro de Maio, Centro<br>Rua Lopes Trov\u00e3o<br>Rua do Pontilh\u00e3o<br>Rua Col\u00f4mbia, Quitandinha<br>Rua Jos\u00e9 C\u00e2ndido, Corr\u00eaas<br>Rua Vig\u00e1rio Correa, Corr\u00eaas<br>Rua Princesa Dona Paula, Corr\u00eaas<br>Rua Pernambuco, Nogueira<br>Rua Professora Ang\u00e9lica Lopes de Castro, Valpara\u00edso<br>Rua do Imperador<br>Rua Pedro Elmer, Cascatinha<br>Rua Greg\u00f3rio Cruzick, Itamarati<br>Avenida Leopoldina, Nogueira<br>Rua Braz Rossi, Nogueira<br>Rua Rio Grande do Sul, Quitandinha<\/p>\n\n\n\n<p><strong>Situa\u00e7\u00e3o atual<br><\/strong>&#8211; C\u00e9u nublado, com chuva moderada a forte.<\/p>\n\n\n\n<p><strong>Previs\u00e3o para as pr\u00f3ximas horas:<br><\/strong>&#8211; C\u00e9u encoberto com chuva moderada a ocasionalmente forte.<\/p>\n\n\n\n<p><strong>Maiores acumulados na \u00faltima hora:<br><\/strong>&#8211; Alto da Serra: 22mm (Cemaden BR)<br>&#8211; Vila Felipe1-Campinho: 19,6mm (Cemaden RJ)<br>&#8211; S\u00e3o Sebasti\u00e3o1-Vital: 16,8mm (Cemaden BR)<\/p>\n\n\n\n<p><strong>Maiores acumulados em 24h:<br><\/strong>&#8211; S\u00e3o Sebasti\u00e3o1-Vital: 323mm (Cemaden RJ)<br>&#8211; Alto da Serra: 304,68mm (Cemaden BR)<br>&#8211; Independ\u00eancia2: 300,59mm (Cemaden BR)<\/p>\n\n\n\n<p><strong>Maiores acumulados em 72h:<br><\/strong>&#8211; S\u00e3o Sebasti\u00e3o1-Vital: 333,2mm (Cemaden RJ)<br>&#8211; Alto da Serra: 309,03mm (Cemaden BR)<br>&#8211; Independ\u00eancia2: 307,72mm (Cemaden BR)<\/p>\n\n\n\n<p><strong>Maiores acumulados em 96h:<br><\/strong>&#8211; S\u00e3o Sebasti\u00e3o1-Vital: 352,6mm (Cemaden RJ)<br>&#8211; Independ\u00eancia2: 348,19mm (Cemaden BR)<br>&#8211; Vila Felipe1-Campinho: 325,8mm (Cemaden RJ)<\/p>\n\n\n\n<p><strong>Est\u00e1gio operacional:<br><\/strong>&#8211; Aten\u00e7\u00e3o<\/p>\n\n\n\n<p><strong>Recomenda\u00e7\u00f5es da Defesa Civil<br><\/strong>A Defesa Civil refor\u00e7a a import\u00e2ncia de que moradores em \u00e1reas de risco mantenham aten\u00e7\u00e3o redobrada:<br>&#8211; N\u00e3o permane\u00e7a em locais interditados<br>&#8211; N\u00e3o transite por \u00e1reas alagadas\/inundadas<br>&#8211; Esteja atento a sinais de deslizamentos<\/p>\n\n\n\n<p>Em caso de emerg\u00eancia, ligue para o n\u00famero 199.<\/p>\n","protected":false},"excerpt":{"rendered":"<p>As fortes chuvas que atingiram a cidade de Petr\u00f3polis entre a tarde de sexta-feira (04)<\/p>\n","protected":false},"author":2,"featured_media":102140,"comment_status":"open","ping_status":"open","sticky":false,"template":"","format":"standard","meta":{"footnotes":""},"categories":[12],"tags":[],"class_list":["post-102139","post","type-post","status-publish","format-standard","has-post-thumbnail","hentry","category-cidade"],"_links":{"self":[{"href":"https:\/\/tvc16.com\/portal\/wp-json\/wp\/v2\/posts\/102139","targetHints":{"allow":["GET"]}}],"collection":[{"href":"https:\/\/tvc16.com\/portal\/wp-json\/wp\/v2\/posts"}],"about":[{"href":"https:\/\/tvc16.com\/portal\/wp-json\/wp\/v2\/types\/post"}],"author":[{"embeddable":true,"href":"https:\/\/tvc16.com\/portal\/wp-json\/wp\/v2\/users\/2"}],"replies":[{"embeddable":true,"href":"https:\/\/tvc16.com\/portal\/wp-json\/wp\/v2\/comments?post=102139"}],"version-history":[{"count":1,"href":"https:\/\/tvc16.com\/portal\/wp-json\/wp\/v2\/posts\/102139\/revisions"}],"predecessor-version":[{"id":102141,"href":"https:\/\/tvc16.com\/portal\/wp-json\/wp\/v2\/posts\/102139\/revisions\/102141"}],"wp:featuredmedia":[{"embeddable":true,"href":"https:\/\/tvc16.com\/portal\/wp-json\/wp\/v2\/media\/102140"}],"wp:attachment":[{"href":"https:\/\/tvc16.com\/portal\/wp-json\/wp\/v2\/media?parent=102139"}],"wp:term":[{"taxonomy":"category","embeddable":true,"href":"https:\/\/tvc16.com\/portal\/wp-json\/wp\/v2\/categories?post=102139"},{"taxonomy":"post_tag","embeddable":true,"href":"https:\/\/tvc16.com\/portal\/wp-json\/wp\/v2\/tags?post=102139"}],"curies":[{"name":"wp","href":"https:\/\/api.w.org\/{rel}","templated":true}]}}