{"id":102142,"date":"2025-04-07T08:11:55","date_gmt":"2025-04-07T11:11:55","guid":{"rendered":"https:\/\/tvc16.com\/portal\/?p=102142"},"modified":"2025-04-07T08:12:29","modified_gmt":"2025-04-07T11:12:29","slug":"situacao-de-emergencia-prefeitura-intensifica-acoes","status":"publish","type":"post","link":"https:\/\/tvc16.com\/portal\/2025\/04\/07\/situacao-de-emergencia-prefeitura-intensifica-acoes\/","title":{"rendered":"Situa\u00e7\u00e3o de emerg\u00eancia: Prefeitura intensifica a\u00e7\u00f5es"},"content":{"rendered":"\n<p>Por Reda\u00e7\u00e3o<\/p>\n\n\n\n<p>A Prefeitura de Petr\u00f3polis decretou situa\u00e7\u00e3o de emerg\u00eancia por conta das fortes chuvas que atingiram a cidade neste fim de semana (sexta e s\u00e1bado &#8211; 04 e 05\/04). Em apenas 24 horas, a cidade recebeu mais de 300 mm de chuva na regi\u00e3o do S\u00e3o Sebasti\u00e3o. O Independ\u00eancia teve 296,81 mm, o Alto da Serra registrou 295,81 mm, e o Ch\u00e1cara da Flora teve 248,2 mm, de acordo com os pluvi\u00f4metros do Cemaden Nacional. Durante esse per\u00edodo, mais de 90 chamados foram feitos, relacionados a deslizamentos, quedas de \u00e1rvores, desmoronamento de blocos, problemas em vias, queda de postes, alagamentos e outros incidentes.<\/p>\n\n\n\n<p>&#8220;O principal motivo \u00e9 conseguir recursos, principalmente do Governo Federal, para restabelecimento da cidade, que fui muito afetada, em especial nas regi\u00f5es do Alto da Serra e Independ\u00eancia, mais afetadas pelas chuvas que excede a capacidade de resposta do munic\u00edpio, comprometendo sua infraestrutura de atendimento \u00e0 emerg\u00eancia e de recupera\u00e7\u00e3o&#8221;, ressaltou o prefeito Hingo Hammes.<\/p>\n\n\n\n<p>O decreto de emerg\u00eancia inclui a requisi\u00e7\u00e3o de ve\u00edculos, m\u00e1quinas e equipamentos junto a empresas e entidades privadas e junto a \u00f3rg\u00e3os da Administra\u00e7\u00e3o P\u00fablica, direta ou indireta, federal, estadual ou municipal; a arregimenta\u00e7\u00e3o, recrutamento e contrata\u00e7\u00e3o de pessoal para presta\u00e7\u00e3o dos servi\u00e7os necess\u00e1rios, sejam volunt\u00e1rios ou mediante remunera\u00e7\u00e3o, conforme necessidade emergencial; al\u00e9m da compra de g\u00eaneros aliment\u00edcios e insumos para atendimento das necessidades imediatas das pessoas e fam\u00edlias vitimadas pelas chuvas. O decreto tamb\u00e9m prev\u00ea desapropria\u00e7\u00f5es de utilidade p\u00fablica para garantir o atendimento da popula\u00e7\u00e3o<\/p>\n\n\n\n<p><strong>A\u00e7\u00f5es de limpeza<\/strong><\/p>\n\n\n\n<p>Entre a tarde de sexta-feira (4) e \u00e0s 19h40 de s\u00e1bado (5), a Companhia Municipal de Desenvolvimento de Petr\u00f3polis (Comdep) executou diversas a\u00e7\u00f5es em resposta \u00e0s chuvas. As equipes realizaram a remo\u00e7\u00e3o de \u00e1rvores e galhos, limpeza das ruas, desobstru\u00e7\u00e3o de vias e recolhimento de res\u00edduos em v\u00e1rios bairros.<\/p>\n\n\n\n<p>Na manh\u00e3 de domingo (06), as a\u00e7\u00f5es foram intensificadas. As equipes da Comdep atuaram na limpeza e desobstru\u00e7\u00e3o das vias. O Alto da Serra, Corr\u00eaas e Nogueira receberam o refor\u00e7o das equipes e m\u00e1quinas. Equipes da Defesa Civil tamb\u00e9m estiveram nas ruas, realizando as vistorias e atendendo aos chamados. De sexta-feira at\u00e9 a manh\u00e3 de domingo, 113 chamadas foram abertas. Desse total, 93 foram registradas no s\u00e1bado. Segundo o \u00f3rg\u00e3o, n\u00e3o houve registro de v\u00edtimas.<\/p>\n\n\n\n<p><strong>Chuva acima do esperado<\/strong><\/p>\n\n\n\n<p>Com o acumulado de mais de 300 mm de chuva em apenas 24 horas (\u00edndice registrado no s\u00e1bado, 5 de abril), algumas regi\u00f5es de Petr\u00f3polis receberam at\u00e9 50% a mais do que a previs\u00e3o para o m\u00eas inteiro de abril. A expectativa era de cerca de 200 mm para o m\u00eas, mas em S\u00e3o Sebasti\u00e3o, por exemplo, o Cemaden Nacional registrou 301 mm.<\/p>\n\n\n\n<p>&#8220;Ainda estamos com acumulados de chuva alto e com isso ainda h\u00e1 risco de movimenta\u00e7\u00e3o de massa, por isso \u00e9 importante que as pessoas, principalmente as que moram em \u00e1reas de risco, fiquem atentas. Continuamos monitorando e fazendo as atualiza\u00e7\u00f5es nas redes sociais da Defesa Civil e Prefeitura&#8221;, disse o secret\u00e1rio de Prote\u00e7\u00e3o e Defesa Civil, Guilherme Moraes.<\/p>\n\n\n\n<p><strong>Terceiro Distrito afetado<\/strong><\/p>\n\n\n\n<p>Neste s\u00e1bado (05), as fortes chuvas que atingiram Petr\u00f3polis tamb\u00e9m causaram alagamentos em diversos pontos do terceiro distrito, especialmente em Itaipava, entre o Parque de Exposi\u00e7\u00f5es e a entrada da rodovia BR-040. Estacionamentos, ruas, shoppings e im\u00f3veis ficaram totalmente submersos pela \u00e1gua. A Defesa Civil do munic\u00edpio, \u00e0s 15h50 do mesmo dia, chegou a abrir os pontos de apoio no terceiro distrito para atender \u00e0 popula\u00e7\u00e3o afetada.<\/p>\n","protected":false},"excerpt":{"rendered":"<p>Por Reda\u00e7\u00e3o A Prefeitura de Petr\u00f3polis decretou situa\u00e7\u00e3o de emerg\u00eancia por conta das fortes chuvas<\/p>\n","protected":false},"author":2,"featured_media":102143,"comment_status":"open","ping_status":"open","sticky":false,"template":"","format":"standard","meta":{"footnotes":""},"categories":[12],"tags":[],"class_list":["post-102142","post","type-post","status-publish","format-standard","has-post-thumbnail","hentry","category-cidade"],"_links":{"self":[{"href":"https:\/\/tvc16.com\/portal\/wp-json\/wp\/v2\/posts\/102142","targetHints":{"allow":["GET"]}}],"collection":[{"href":"https:\/\/tvc16.com\/portal\/wp-json\/wp\/v2\/posts"}],"about":[{"href":"https:\/\/tvc16.com\/portal\/wp-json\/wp\/v2\/types\/post"}],"author":[{"embeddable":true,"href":"https:\/\/tvc16.com\/portal\/wp-json\/wp\/v2\/users\/2"}],"replies":[{"embeddable":true,"href":"https:\/\/tvc16.com\/portal\/wp-json\/wp\/v2\/comments?post=102142"}],"version-history":[{"count":1,"href":"https:\/\/tvc16.com\/portal\/wp-json\/wp\/v2\/posts\/102142\/revisions"}],"predecessor-version":[{"id":102144,"href":"https:\/\/tvc16.com\/portal\/wp-json\/wp\/v2\/posts\/102142\/revisions\/102144"}],"wp:featuredmedia":[{"embeddable":true,"href":"https:\/\/tvc16.com\/portal\/wp-json\/wp\/v2\/media\/102143"}],"wp:attachment":[{"href":"https:\/\/tvc16.com\/portal\/wp-json\/wp\/v2\/media?parent=102142"}],"wp:term":[{"taxonomy":"category","embeddable":true,"href":"https:\/\/tvc16.com\/portal\/wp-json\/wp\/v2\/categories?post=102142"},{"taxonomy":"post_tag","embeddable":true,"href":"https:\/\/tvc16.com\/portal\/wp-json\/wp\/v2\/tags?post=102142"}],"curies":[{"name":"wp","href":"https:\/\/api.w.org\/{rel}","templated":true}]}}