{"id":102145,"date":"2025-04-07T08:17:05","date_gmt":"2025-04-07T11:17:05","guid":{"rendered":"https:\/\/tvc16.com\/portal\/?p=102145"},"modified":"2025-04-07T08:17:07","modified_gmt":"2025-04-07T11:17:07","slug":"petropolis-e-angra-dos-reis-obtem-reconhecimento-federal-sumario-de-situacao-de-emergencia","status":"publish","type":"post","link":"https:\/\/tvc16.com\/portal\/2025\/04\/07\/petropolis-e-angra-dos-reis-obtem-reconhecimento-federal-sumario-de-situacao-de-emergencia\/","title":{"rendered":"Petr\u00f3polis e Angra dos Reis obt\u00eam reconhecimento federal sum\u00e1rio de situa\u00e7\u00e3o de emerg\u00eancia"},"content":{"rendered":"\n<p><em>Munic\u00edpios, que enfrentam chuvas intensas, est\u00e3o aptos a solicitar recursos do Governo Federal para a\u00e7\u00f5es de defesa civil<\/em><\/p>\n\n\n\n<p>O Minist\u00e9rio da Integra\u00e7\u00e3o e do Desenvolvimento Regional (MIDR), por meio da Defesa Civil Nacional, reconheceu sumariamente, neste domingo (6), a situa\u00e7\u00e3o de emerg\u00eancia nas cidades de Angra dos Reis e Petr\u00f3polis, no Rio de Janeiro, afetadas por chuvas intensas. As portarias com o reconhecimento foram publicadas no Di\u00e1rio Oficial da Uni\u00e3o. Confira abaixo.<br>\u00a0<\/p>\n\n\n\n<p><a href=\"https:\/\/www.in.gov.br\/en\/web\/dou\/-\/portaria-n-1.097-de-6-de-abril-de-2025-622218097\" target=\"_blank\" rel=\"noreferrer noopener\">Angra dos Reis (RJ) Portaria n\u00ba 1.097<\/a><\/p>\n\n\n\n<p><a href=\"https:\/\/www.in.gov.br\/en\/web\/dou\/-\/portaria-n-1.098-de-6-de-abril-de-2025-622125239\" target=\"_blank\" rel=\"noreferrer noopener\">Petr\u00f3polis (RJ) Portaria n\u00ba 1.098<\/a><br>&nbsp;<\/p>\n\n\n\n<p>Agora, as prefeituras j\u00e1 podem solicitar recursos do Governo Federal para a\u00e7\u00f5es de defesa civil, como compra de cestas b\u00e1sicas, \u00e1gua mineral, refei\u00e7\u00e3o para trabalhadores e volunt\u00e1rios, kits de limpeza de resid\u00eancia, higiene pessoal e dormit\u00f3rio, entre outros.<br>&nbsp;<\/p>\n\n\n\n<p>O Minist\u00e9rio da Integra\u00e7\u00e3o e do Desenvolvimento Regional (MIDR), por meio da Secretaria Nacional de Prote\u00e7\u00e3o e Defesa Civil (Sedec) tem atuado de forma preventiva e emergencial para minimizar os impactos e proteger a popula\u00e7\u00e3o das cidades fluminenses atingidas pelas fortes chuvas. O secret\u00e1rio nacional de Prote\u00e7\u00e3o e Defesa Civil, Wolnei Wolff, se deslocou para o Rio de Janeiro para coordenar os trabalhos junto \u00e0s defesas civis estadual e municipais.<br>&nbsp;<\/p>\n\n\n\n<p><strong>Como solicitar recursos<\/strong><\/p>\n\n\n\n<p>Cidades com o reconhecimento federal de situa\u00e7\u00e3o de emerg\u00eancia ou de estado de calamidade p\u00fablica podem solicitar ao MIDR recursos para a\u00e7\u00f5es de defesa civil. A solicita\u00e7\u00e3o pelos munic\u00edpios em situa\u00e7\u00e3o de emerg\u00eancia deve ser feita por meio do&nbsp;<a href=\"https:\/\/s2id.mi.gov.br\/\" target=\"_blank\" rel=\"noreferrer noopener\">Sistema Integrado de Informa\u00e7\u00f5es sobre Desastres (S2iD)<\/a>. Com base nas informa\u00e7\u00f5es enviadas nos planos de trabalho, a equipe t\u00e9cnica da Defesa Civil Nacional avalia as metas e os valores solicitados. Com a aprova\u00e7\u00e3o, \u00e9 publicada portaria no DOU com o valor a ser liberado.<br>&nbsp;<\/p>\n\n\n\n<p><strong>Capacita\u00e7\u00f5es da Defesa Civil Nacional<\/strong><\/p>\n\n\n\n<p>A Defesa Civil Nacional oferece uma s\u00e9rie de cursos a dist\u00e2ncia para habilitar e qualificar agentes municipais e estaduais para o uso do S2iD. As capacita\u00e7\u00f5es t\u00eam como foco os agentes de prote\u00e7\u00e3o e defesa civil nas tr\u00eas esferas de governo. Confira&nbsp;<a href=\"https:\/\/www.gov.br\/mdr\/pt-br\/assuntos\/protecao-e-defesa-civil\/capacitacoes\/cursos-em-andamento\" target=\"_blank\" rel=\"noreferrer noopener\">neste link<\/a>&nbsp;a lista completa dos cursos.<\/p>\n","protected":false},"excerpt":{"rendered":"<p>Munic\u00edpios, que enfrentam chuvas intensas, est\u00e3o aptos a solicitar recursos do Governo Federal para a\u00e7\u00f5es<\/p>\n","protected":false},"author":2,"featured_media":102066,"comment_status":"open","ping_status":"open","sticky":false,"template":"","format":"standard","meta":{"footnotes":""},"categories":[12],"tags":[],"class_list":["post-102145","post","type-post","status-publish","format-standard","has-post-thumbnail","hentry","category-cidade"],"_links":{"self":[{"href":"https:\/\/tvc16.com\/portal\/wp-json\/wp\/v2\/posts\/102145","targetHints":{"allow":["GET"]}}],"collection":[{"href":"https:\/\/tvc16.com\/portal\/wp-json\/wp\/v2\/posts"}],"about":[{"href":"https:\/\/tvc16.com\/portal\/wp-json\/wp\/v2\/types\/post"}],"author":[{"embeddable":true,"href":"https:\/\/tvc16.com\/portal\/wp-json\/wp\/v2\/users\/2"}],"replies":[{"embeddable":true,"href":"https:\/\/tvc16.com\/portal\/wp-json\/wp\/v2\/comments?post=102145"}],"version-history":[{"count":1,"href":"https:\/\/tvc16.com\/portal\/wp-json\/wp\/v2\/posts\/102145\/revisions"}],"predecessor-version":[{"id":102146,"href":"https:\/\/tvc16.com\/portal\/wp-json\/wp\/v2\/posts\/102145\/revisions\/102146"}],"wp:featuredmedia":[{"embeddable":true,"href":"https:\/\/tvc16.com\/portal\/wp-json\/wp\/v2\/media\/102066"}],"wp:attachment":[{"href":"https:\/\/tvc16.com\/portal\/wp-json\/wp\/v2\/media?parent=102145"}],"wp:term":[{"taxonomy":"category","embeddable":true,"href":"https:\/\/tvc16.com\/portal\/wp-json\/wp\/v2\/categories?post=102145"},{"taxonomy":"post_tag","embeddable":true,"href":"https:\/\/tvc16.com\/portal\/wp-json\/wp\/v2\/tags?post=102145"}],"curies":[{"name":"wp","href":"https:\/\/api.w.org\/{rel}","templated":true}]}}