{"id":102150,"date":"2025-04-07T08:32:23","date_gmt":"2025-04-07T11:32:23","guid":{"rendered":"https:\/\/tvc16.com\/portal\/?p=102150"},"modified":"2025-04-07T08:32:25","modified_gmt":"2025-04-07T11:32:25","slug":"com-mobilizacao-rapida-e-uso-de-maquinario-pesado-programa-limpa-rio-atua-nas-regioes-mais-afetadas-pelas-chuvas","status":"publish","type":"post","link":"https:\/\/tvc16.com\/portal\/2025\/04\/07\/com-mobilizacao-rapida-e-uso-de-maquinario-pesado-programa-limpa-rio-atua-nas-regioes-mais-afetadas-pelas-chuvas\/","title":{"rendered":"Com mobiliza\u00e7\u00e3o r\u00e1pida e uso de maquin\u00e1rio pesado, programa Limpa Rio atua nas regi\u00f5es mais afetadas pelas chuvas"},"content":{"rendered":"\n<p><em>Trabalho integrado do Governo do Rio minimiza impactos dos temporais em todo o estado<\/em><br><br>A a\u00e7\u00e3o coordenada pelo Governo do Rio, aliada ao uso de maquin\u00e1rios, minimiza os danos causados pelas fortes chuvas que atingem o estado nos \u00faltimos dias. Uma das principais iniciativas \u00e9 o refor\u00e7o do programa Limpa Rio, do Instituto Estadual do Ambiente (INEA), que atua na limpeza de rios, canais e ruas nos munic\u00edpios mais atingidos. Desde o in\u00edcio das chuvas, na \u00faltima sexta-feira (04\/04), o governador Cl\u00e1udio Castro determinou a mobiliza\u00e7\u00e3o imediata da for\u00e7a-tarefa estadual para auxiliar na recupera\u00e7\u00e3o das \u00e1reas afetadas e prevenir acidentes.<\/p>\n\n\n\n<p>&#8211; &nbsp;A atua\u00e7\u00e3o do Governo do Estado continua firme e coordenada para minimizar os impactos das chuvas e proteger a popula\u00e7\u00e3o. Estamos com nossas equipes nas ruas, utilizando todo o maquin\u00e1rio necess\u00e1rio, refor\u00e7ando o programa Limpa Rio e prestando assist\u00eancia direta \u00e0s fam\u00edlias afetadas &#8211; afirmou o governador.<\/p>\n\n\n\n<p>Em Duque de Caxias, na Baixada Fluminense, na manh\u00e3 deste domingo (06\/04), quatro caminh\u00f5es, duas retroescavadeiras e uma escavadeira est\u00e3o em opera\u00e7\u00e3o para remover sedimentos, entulhos e res\u00edduos acumulados. At\u00e9 o momento, aproximadamente 150 metros c\u00fabicos de material j\u00e1 foram retirados para melhorar o escoamento da \u00e1gua, reduzir o risco de enchentes e garantir maior seguran\u00e7a \u00e0 popula\u00e7\u00e3o.<\/p>\n\n\n\n<p>Desde sexta-feira, o Governo do Rio tem atuado nas \u00e1reas afetadas pelas fortes chuvas com a\u00e7\u00f5es emergenciais para minimizar os impactos. Foram mobilizadas equipes da Defesa Civil, Corpo de Bombeiros e outros \u00f3rg\u00e3os estaduais para resgates, retirada de fam\u00edlias de \u00e1reas de risco e apoio log\u00edstico.&nbsp; Al\u00e9m disso, foram instalados abrigos tempor\u00e1rios e distribu\u00eddos suprimentos como \u00e1gua, alimentos e colch\u00f5es. Al\u00e9m disso, o Estado coordena, junto \u00e0s prefeituras, medidas para recupera\u00e7\u00e3o da infraestrutura danificada.<\/p>\n\n\n\n<p><strong>Retirada de detritos<\/strong><\/p>\n\n\n\n<p>O Limpa Rio, lan\u00e7ado em 2020, \u00e9 um programa voltado para a limpeza e desassoreamento de rios, c\u00f3rregos e lagos. A retirada de lixo e detritos durante o per\u00edodo de estiagem melhora as condi\u00e7\u00f5es dos rios, reduzindo a ocorr\u00eancia de alagamentos durante os temporais. S\u00f3 este ano, a iniciativa j\u00e1 retirou 333.254 m3 de res\u00edduos em uma extens\u00e3o de 73.676 m. Atualmente, o programa atua preventivamente em mais de 100 frentes de trabalho em todo o estado.<\/p>\n\n\n\n<p>&#8211; &nbsp;O Limpa Rio tem sido fundamental para reduzir os impactos das fortes chuvas. A resposta r\u00e1pida, com o uso de maquin\u00e1rio pesado e equipes mobilizadas, mostra como a preven\u00e7\u00e3o e a atua\u00e7\u00e3o integrada fazem a diferen\u00e7a na prote\u00e7\u00e3o da popula\u00e7\u00e3o e na recupera\u00e7\u00e3o das \u00e1reas afetadas \u2013 explicou o secret\u00e1rio do Ambiente e Sustentabilidade, Bernardo Rossi.<br><strong><br><br>T\u00fanel Extravasor<\/strong><\/p>\n\n\n\n<p>A opera\u00e7\u00e3o do T\u00fanel Extravasor de Petr\u00f3polis durante as \u00faltimas chuvas foi marcada pela tranquilidade e efici\u00eancia. Todo o sistema funcionou como previsto, sem qualquer intercorr\u00eancia registrada ao longo do monitoramento. Tanto na capta\u00e7\u00e3o do t\u00fanel quanto no ponto de des\u00e1gue, os mecanismos operaram dentro da normalidade, garantindo a seguran\u00e7a e a fluidez do escoamento das \u00e1guas.<br><strong><br>Risco de deslizamentos<\/strong><\/p>\n\n\n\n<p>A Defesa Civil Estadual e o CEMADEN-RJ alertam que, apesar da diminui\u00e7\u00e3o das chuvas, o risco de deslizamentos permanece elevado em algumas regi\u00f5es devido ao solo encharcado. A popula\u00e7\u00e3o deve se manter atenta \u00e0s informa\u00e7\u00f5es oficiais divulgadas pelos canais da Defesa Civil e do Governo do Estado.<\/p>\n\n\n\n<p>Para Petr\u00f3polis, a previs\u00e3o \u00e9 de c\u00e9u nublado com pancadas r\u00e1pidas de chuva. Temperaturas variando entre 19\u00b0C e 23\u00b0C. Em Angra dos Reis, haver\u00e1 per\u00edodos de chuva forte. M\u00e1xima de 24\u00b0C.&nbsp;<\/p>\n","protected":false},"excerpt":{"rendered":"<p>Trabalho integrado do Governo do Rio minimiza impactos dos temporais em todo o estado A<\/p>\n","protected":false},"author":2,"featured_media":102151,"comment_status":"open","ping_status":"open","sticky":false,"template":"","format":"standard","meta":{"footnotes":""},"categories":[17],"tags":[],"class_list":["post-102150","post","type-post","status-publish","format-standard","has-post-thumbnail","hentry","category-outras-noticias"],"_links":{"self":[{"href":"https:\/\/tvc16.com\/portal\/wp-json\/wp\/v2\/posts\/102150","targetHints":{"allow":["GET"]}}],"collection":[{"href":"https:\/\/tvc16.com\/portal\/wp-json\/wp\/v2\/posts"}],"about":[{"href":"https:\/\/tvc16.com\/portal\/wp-json\/wp\/v2\/types\/post"}],"author":[{"embeddable":true,"href":"https:\/\/tvc16.com\/portal\/wp-json\/wp\/v2\/users\/2"}],"replies":[{"embeddable":true,"href":"https:\/\/tvc16.com\/portal\/wp-json\/wp\/v2\/comments?post=102150"}],"version-history":[{"count":1,"href":"https:\/\/tvc16.com\/portal\/wp-json\/wp\/v2\/posts\/102150\/revisions"}],"predecessor-version":[{"id":102152,"href":"https:\/\/tvc16.com\/portal\/wp-json\/wp\/v2\/posts\/102150\/revisions\/102152"}],"wp:featuredmedia":[{"embeddable":true,"href":"https:\/\/tvc16.com\/portal\/wp-json\/wp\/v2\/media\/102151"}],"wp:attachment":[{"href":"https:\/\/tvc16.com\/portal\/wp-json\/wp\/v2\/media?parent=102150"}],"wp:term":[{"taxonomy":"category","embeddable":true,"href":"https:\/\/tvc16.com\/portal\/wp-json\/wp\/v2\/categories?post=102150"},{"taxonomy":"post_tag","embeddable":true,"href":"https:\/\/tvc16.com\/portal\/wp-json\/wp\/v2\/tags?post=102150"}],"curies":[{"name":"wp","href":"https:\/\/api.w.org\/{rel}","templated":true}]}}