{"id":102156,"date":"2025-04-07T09:00:43","date_gmt":"2025-04-07T12:00:43","guid":{"rendered":"https:\/\/tvc16.com\/portal\/?p=102156"},"modified":"2025-04-07T09:00:45","modified_gmt":"2025-04-07T12:00:45","slug":"fies-instituicoes-de-ensino-tem-ate-hoje-para-confirmar-participacao","status":"publish","type":"post","link":"https:\/\/tvc16.com\/portal\/2025\/04\/07\/fies-instituicoes-de-ensino-tem-ate-hoje-para-confirmar-participacao\/","title":{"rendered":"Fies: institui\u00e7\u00f5es de ensino t\u00eam at\u00e9 hoje para confirmar participa\u00e7\u00e3o"},"content":{"rendered":"\n<p><em>Inscri\u00e7\u00e3o para vagas remanescentes ter\u00e1 edital em breve<\/em><\/p>\n\n\n\n<p>Por Daniella Almeida &#8211; Rep\u00f3rter da Ag\u00eancia Brasil \/ Foto: Marcello Casal JrAg\u00eancia Brasil<br><\/p>\n\n\n\n<p>As institui\u00e7\u00f5es privadas de ensino superior t\u00eam at\u00e9 esta segunda-feira (7) para confirmar a participa\u00e7\u00e3o na edi\u00e7\u00e3o de oferta de vagas remanescentes do Fundo de Financiamento Estudantil (Fies)&nbsp;para o primeiro semestre de 2025.<img decoding=\"async\" src=\"https:\/\/agenciabrasil.ebc.com.br\/ebc.png?id=1637744&amp;o=node\"><img decoding=\"async\" src=\"https:\/\/agenciabrasil.ebc.com.br\/ebc.gif?id=1637744&amp;o=node\"><\/p>\n\n\n\n<p>O programa do Minist\u00e9rio da Educa\u00e7\u00e3o (MEC) oferece financiamento para cursos de gradua\u00e7\u00e3o em universidades e faculdades privadas que tenham avalia\u00e7\u00e3o positiva no Sistema Nacional de Avalia\u00e7\u00e3o da Educa\u00e7\u00e3o Superior (Sinaes).<\/p>\n\n\n\n<p><strong>O objetivo da pol\u00edtica p\u00fablica \u00e9 facilitar o acesso de estudantes de baixa renda ao ensino superior.&nbsp;<\/strong><\/p>\n\n\n\n<h2 class=\"wp-block-heading\">Vagas remanescentes<\/h2>\n\n\n\n<p><strong>Os dados para o Fies 2025 do primeiro semestre devem ser preenchidos virtualmente, at\u00e9 as 23h59 de hoje, pelas faculdades privadas exclusivamente, pelo&nbsp;<a href=\"https:\/\/fiesgestao.mec.gov.br\/principal\/autenticacao\" target=\"_blank\" rel=\"noreferrer noopener\">Sistema Informatizado do Fies<\/a>&nbsp;(Sisfies), no m\u00f3dulo com o&nbsp; t\u00edtulo&nbsp;Fies Oferta.&nbsp;Para acessar o sistema, \u00e9 preciso ter cadastro no Login \u00danico&nbsp;do portal Gov.br.<\/strong><\/p>\n\n\n\n<p>Devem ser informados dados de&nbsp;cada curso a ser ofertado, n\u00famero de vagas, turno, local e valores das semestralidades.<\/p>\n\n\n\n<p>S<strong>omente as institui\u00e7\u00f5es que fizeram a ades\u00e3o ao Fies do primeiro semestre de 2025&nbsp;e ao Fundo Garantidor do Fies ficam habilitadas a assinar eletronicamente&nbsp;o termo de participa\u00e7\u00e3o, no m\u00f3dulo FiesOferta.<\/strong><\/p>\n\n\n\n<h2 class=\"wp-block-heading\">Cronograma<\/h2>\n\n\n\n<p>Ap\u00f3s o per\u00edodo de confirma\u00e7\u00e3o de participa\u00e7\u00e3o, o&nbsp;<a href=\"http:\/\/%20http\/\/portalfies.mec.gov.br\/arquivos\/edital_n_06_28032025.pdf%C2%A0\" target=\"_blank\" rel=\"noreferrer noopener\">novo edital publicado pelo MEC<\/a>, de 8 a 11 de abril, permitir\u00e1 que as institui\u00e7\u00f5es de ensino superior verifiquem e at\u00e9 corrijam&nbsp;informa\u00e7\u00f5es do documento que formaliza a participa\u00e7\u00e3o nessa edi\u00e7\u00e3o do Fies.<\/p>\n\n\n\n<p>O edital ainda determina que as faculdades privadas divulguem, em suas p\u00e1ginas eletr\u00f4nicas na internet e com a fixa\u00e7\u00e3o em local de grande circula\u00e7\u00e3o de estudantes, a participa\u00e7\u00e3o da entidade no processo seletivo.<\/p>\n\n\n\n<p>A divulga\u00e7\u00e3o deve informar o n\u00famero de vagas remanescentes disponibilizadas, a rela\u00e7\u00e3o de cursos e turnos de cada local de oferta da institui\u00e7\u00e3o, bem como a legisla\u00e7\u00e3o que ainda ser\u00e1 publicada&nbsp;pelo&nbsp;MEC relativa a vagas remanescentes do Fies.<\/p>\n\n\n\n<p>Fies 2025\/1<\/p>\n\n\n\n<p>O Minist\u00e9rio da Educa\u00e7\u00e3o (MEC) confirmou que, em breve, divulgar\u00e1 novo edital com as regras e o cronograma para a inscri\u00e7\u00e3o dos estudantes \u00e0s vagas remanescentes do Fies, que sobram das etapas anteriores de sele\u00e7\u00e3o do programa&nbsp;neste ano.<\/p>\n\n\n\n<p>Na fase regular do Fies 2025\/1, as universidades privadas de ensino superior ofereceram 67.301 vagas de cursos de gradua\u00e7\u00e3o.\u202f Na outra ponta, o programa recebeu mais de 493 mil inscri\u00e7\u00f5es de 198.579 candidatos. Cada um deles pode se inscrever em at\u00e9 tr\u00eas op\u00e7\u00f5es de cursos.<\/p>\n\n\n\n<p>Agora, as vagas remanescentes s\u00e3o destinadas exclusivamente aos estudantes efetivamente matriculados no curso, turno e local de oferta para os quais se inscreveram.&nbsp;<\/p>\n\n\n\n<p>A pasta aguarda apenas as informa\u00e7\u00f5es prestadas pelas mantenedoras das institui\u00e7\u00f5es de ensino superior n\u00e3o gratuitas at\u00e9 esta segunda-feira.<\/p>\n","protected":false},"excerpt":{"rendered":"<p>Inscri\u00e7\u00e3o para vagas remanescentes ter\u00e1 edital em breve Por Daniella Almeida &#8211; Rep\u00f3rter da Ag\u00eancia<\/p>\n","protected":false},"author":2,"featured_media":102157,"comment_status":"open","ping_status":"open","sticky":false,"template":"","format":"standard","meta":{"footnotes":""},"categories":[17],"tags":[],"class_list":["post-102156","post","type-post","status-publish","format-standard","has-post-thumbnail","hentry","category-outras-noticias"],"_links":{"self":[{"href":"https:\/\/tvc16.com\/portal\/wp-json\/wp\/v2\/posts\/102156","targetHints":{"allow":["GET"]}}],"collection":[{"href":"https:\/\/tvc16.com\/portal\/wp-json\/wp\/v2\/posts"}],"about":[{"href":"https:\/\/tvc16.com\/portal\/wp-json\/wp\/v2\/types\/post"}],"author":[{"embeddable":true,"href":"https:\/\/tvc16.com\/portal\/wp-json\/wp\/v2\/users\/2"}],"replies":[{"embeddable":true,"href":"https:\/\/tvc16.com\/portal\/wp-json\/wp\/v2\/comments?post=102156"}],"version-history":[{"count":1,"href":"https:\/\/tvc16.com\/portal\/wp-json\/wp\/v2\/posts\/102156\/revisions"}],"predecessor-version":[{"id":102158,"href":"https:\/\/tvc16.com\/portal\/wp-json\/wp\/v2\/posts\/102156\/revisions\/102158"}],"wp:featuredmedia":[{"embeddable":true,"href":"https:\/\/tvc16.com\/portal\/wp-json\/wp\/v2\/media\/102157"}],"wp:attachment":[{"href":"https:\/\/tvc16.com\/portal\/wp-json\/wp\/v2\/media?parent=102156"}],"wp:term":[{"taxonomy":"category","embeddable":true,"href":"https:\/\/tvc16.com\/portal\/wp-json\/wp\/v2\/categories?post=102156"},{"taxonomy":"post_tag","embeddable":true,"href":"https:\/\/tvc16.com\/portal\/wp-json\/wp\/v2\/tags?post=102156"}],"curies":[{"name":"wp","href":"https:\/\/api.w.org\/{rel}","templated":true}]}}