{"id":102165,"date":"2025-04-07T09:34:47","date_gmt":"2025-04-07T12:34:47","guid":{"rendered":"https:\/\/tvc16.com\/portal\/?p=102165"},"modified":"2025-04-07T09:34:49","modified_gmt":"2025-04-07T12:34:49","slug":"mae-e-filha-sao-presas-por-comercializar-drogas-na-regiao-serrana","status":"publish","type":"post","link":"https:\/\/tvc16.com\/portal\/2025\/04\/07\/mae-e-filha-sao-presas-por-comercializar-drogas-na-regiao-serrana\/","title":{"rendered":"M\u00e3e e filha s\u00e3o presas por comercializar drogas na Regi\u00e3o Serrana"},"content":{"rendered":"\n<p>Policiais civis da 151\u00aa DP (Nova Friburgo), em a\u00e7\u00e3o conjunta com a Pol\u00edcia Militar, prenderam duas mulheres em flagrante, neste s\u00e1bado (05\/04), pelos crimes de tr\u00e1fico de associa\u00e7\u00e3o para o tr\u00e1fico de drogas. As autoras, que s\u00e3o m\u00e3e e filha, foram detidas no bairro Ponte da Saudade, em Nova Friburgo, Regi\u00e3o Serrana do estado, durante uma a\u00e7\u00e3o para combater a comercializa\u00e7\u00e3o de entorpecentes no munic\u00edpio.<\/p>\n\n\n\n<p>De acordo com os agentes, uma mulher foi flagrada ao sair de uma resid\u00eancia portando drogas e, ao ser abordada, confessou a compra dos entorpecentes no local. Contra ela, foi registrada ocorr\u00eancia de posse de drogas.<\/p>\n\n\n\n<p>Em continuidade \u00e0 a\u00e7\u00e3o, os policiais diligenciaram \u00e0 resid\u00eancia e encontraram a dupla. No momento da abordagem, uma das autoras ainda arremessou um telefone celular pela janela, porque no aparelho havia provas sobre o crime.<\/p>\n\n\n\n<p>Al\u00e9m de recuperar o objeto, os agentes ainda encontram outras evid\u00eancias sobre a a\u00e7\u00e3o criminosa na casa da m\u00e3e e da filha. Diante dos fatos, elas foram autuadas em flagrante por tr\u00e1fico e associa\u00e7\u00e3o para o tr\u00e1fico de drogas.<\/p>\n\n\n\n<p><br><strong>Pol\u00edcia Civil desarticula quadrilha que desviava vale-transportes de empresa em Friburgo<\/strong><\/p>\n\n\n\n<p>Policiais civis da 151\u00aa DP (Nova Friburgo) desarticularam uma quadrilha que desviava cart\u00f5es de vale-transporte de uma empresa para revender o benef\u00edcio de maneira il\u00edcita. Quatro pessoas foram presas em flagrante pelos crimes de estelionato, organiza\u00e7\u00e3o criminosa, lavagem de capitais e apropria\u00e7\u00e3o ind\u00e9bita qualificada, durante uma a\u00e7\u00e3o conjunta com a Pol\u00edcia Militar, nesta sexta-feira (04\/04), no munic\u00edpio de Nova Friburgo, Regi\u00e3o Serrana do Rio.<\/p>\n\n\n\n<p>O caso foi denunciado ap\u00f3s uma auditoria interna na empresa lesada. De acordo com os agentes, durante meses, um funcion\u00e1rio que ocupava um cargo de lideran\u00e7a na institui\u00e7\u00e3o emitiu cart\u00f5es de transporte para trabalhadores que n\u00e3o existiam. Com os vales em m\u00e3os, o autor entregava o produto em guich\u00eas de \u00f4nibus, onde eram revendidos por outros integrantes do grupo criminoso, em Friburgo e no munic\u00edpio de vizinho de Duas Barras.<\/p>\n\n\n\n<p>O funcion\u00e1rio ainda passava alguns cart\u00f5es em m\u00e1quinas pr\u00f3prias e transferia valores para contas pessoais suas, de seu companheiro, e de sua sogra. Em seis meses, a quadrilha chegou a desviar cerca de R$ 540 mil da empresa. Na casa dos criminosos foram apreendidos centenas de cart\u00f5es, passagens, dinheiro e celulares.<\/p>\n\n\n\n<p>Ainda no local, os agentes encontraram outras irregularidades que ser\u00e3o apuradas em uma investiga\u00e7\u00e3o pr\u00f3pria, como rem\u00e9dios controlados, receitas e carimbos m\u00e9dicos falsos.<\/p>\n\n\n\n<p>J\u00e1 em um guich\u00ea, onde atuava o quarto integrante da quadrilha, os policiais encontraram dezenas de cart\u00f5es emitidos em nome da empresa lesada. Todo o material foi apreendido e ser\u00e1 periciado.<\/p>\n\n\n\n<p>As investiga\u00e7\u00f5es continuam para rastrear os valores desviados e tentar ressarcir a v\u00edtima, al\u00e9m de apurar a participa\u00e7\u00e3o de outros criminosos nas a\u00e7\u00f5es.<\/p>\n","protected":false},"excerpt":{"rendered":"<p>Policiais civis da 151\u00aa DP (Nova Friburgo), em a\u00e7\u00e3o conjunta com a Pol\u00edcia Militar, prenderam<\/p>\n","protected":false},"author":2,"featured_media":99657,"comment_status":"open","ping_status":"open","sticky":false,"template":"","format":"standard","meta":{"footnotes":""},"categories":[17],"tags":[],"class_list":["post-102165","post","type-post","status-publish","format-standard","has-post-thumbnail","hentry","category-outras-noticias"],"_links":{"self":[{"href":"https:\/\/tvc16.com\/portal\/wp-json\/wp\/v2\/posts\/102165","targetHints":{"allow":["GET"]}}],"collection":[{"href":"https:\/\/tvc16.com\/portal\/wp-json\/wp\/v2\/posts"}],"about":[{"href":"https:\/\/tvc16.com\/portal\/wp-json\/wp\/v2\/types\/post"}],"author":[{"embeddable":true,"href":"https:\/\/tvc16.com\/portal\/wp-json\/wp\/v2\/users\/2"}],"replies":[{"embeddable":true,"href":"https:\/\/tvc16.com\/portal\/wp-json\/wp\/v2\/comments?post=102165"}],"version-history":[{"count":1,"href":"https:\/\/tvc16.com\/portal\/wp-json\/wp\/v2\/posts\/102165\/revisions"}],"predecessor-version":[{"id":102166,"href":"https:\/\/tvc16.com\/portal\/wp-json\/wp\/v2\/posts\/102165\/revisions\/102166"}],"wp:featuredmedia":[{"embeddable":true,"href":"https:\/\/tvc16.com\/portal\/wp-json\/wp\/v2\/media\/99657"}],"wp:attachment":[{"href":"https:\/\/tvc16.com\/portal\/wp-json\/wp\/v2\/media?parent=102165"}],"wp:term":[{"taxonomy":"category","embeddable":true,"href":"https:\/\/tvc16.com\/portal\/wp-json\/wp\/v2\/categories?post=102165"},{"taxonomy":"post_tag","embeddable":true,"href":"https:\/\/tvc16.com\/portal\/wp-json\/wp\/v2\/tags?post=102165"}],"curies":[{"name":"wp","href":"https:\/\/api.w.org\/{rel}","templated":true}]}}