{"id":102167,"date":"2025-04-07T09:39:11","date_gmt":"2025-04-07T12:39:11","guid":{"rendered":"https:\/\/tvc16.com\/portal\/?p=102167"},"modified":"2025-04-07T09:39:39","modified_gmt":"2025-04-07T12:39:39","slug":"policia-civil-deflagra-operacao-contra-envolvidos-em-homicidios-por-disputa-no-trafico-em-paraiba-do-sul","status":"publish","type":"post","link":"https:\/\/tvc16.com\/portal\/2025\/04\/07\/policia-civil-deflagra-operacao-contra-envolvidos-em-homicidios-por-disputa-no-trafico-em-paraiba-do-sul\/","title":{"rendered":"Pol\u00edcia Civil deflagra opera\u00e7\u00e3o contra envolvidos em homic\u00eddios por disputa no tr\u00e1fico em Para\u00edba do Sul"},"content":{"rendered":"\n<p>Policiais civis da 107\u00aa DP (Para\u00edba do Sul), com apoio do Minist\u00e9rio P\u00fablico e de policiais militares, deflagraram, nesta sexta-feira (04\/04), a &#8220;Opera\u00e7\u00e3o Em busca da minha sorte\u201d, em Para\u00edba do Sul. Durante a a\u00e7\u00e3o, cinco pessoas foram presas.<\/p>\n\n\n\n<p>As investiga\u00e7\u00f5es se iniciaram ap\u00f3s um violento epis\u00f3dio ocorrido no bairro Eldorado, no dia 23 de mar\u00e7o. Na ocasi\u00e3o, dois homens armados e encapuzados sa\u00edram de uma mata com armas em punho, matando dois indiv\u00edduos e ferindo um terceiro.<\/p>\n\n\n\n<p>Segundo apurado, um dos alvos da a\u00e7\u00e3o, ap\u00f3s ser solto do sistema penitenci\u00e1rio no fim de 2024, passou a buscar o monop\u00f3lio da venda de drogas nos bairros Eldorado e Caminho de Dentro. Ele teria expulsado antigos traficantes e amea\u00e7ado um grupo de jovens envolvidos na venda de entorpecentes na regi\u00e3o. Como eles n\u00e3o cederam \u00e0s amea\u00e7as, o criminoso realizou o ataque, foi executando dois.<\/p>\n\n\n\n<p>Na opera\u00e7\u00e3o, esse alvo e outros quatro integrantes do seu grupo foram presos. As investiga\u00e7\u00f5es prosseguem para localizar o l\u00edder da quadrilha rival, que havia sido expulso do bairro Caminho de Dentro.<\/p>\n","protected":false},"excerpt":{"rendered":"<p>Policiais civis da 107\u00aa DP (Para\u00edba do Sul), com apoio do Minist\u00e9rio P\u00fablico e de<\/p>\n","protected":false},"author":2,"featured_media":76262,"comment_status":"open","ping_status":"open","sticky":false,"template":"","format":"standard","meta":{"footnotes":""},"categories":[17],"tags":[],"class_list":["post-102167","post","type-post","status-publish","format-standard","has-post-thumbnail","hentry","category-outras-noticias"],"_links":{"self":[{"href":"https:\/\/tvc16.com\/portal\/wp-json\/wp\/v2\/posts\/102167","targetHints":{"allow":["GET"]}}],"collection":[{"href":"https:\/\/tvc16.com\/portal\/wp-json\/wp\/v2\/posts"}],"about":[{"href":"https:\/\/tvc16.com\/portal\/wp-json\/wp\/v2\/types\/post"}],"author":[{"embeddable":true,"href":"https:\/\/tvc16.com\/portal\/wp-json\/wp\/v2\/users\/2"}],"replies":[{"embeddable":true,"href":"https:\/\/tvc16.com\/portal\/wp-json\/wp\/v2\/comments?post=102167"}],"version-history":[{"count":1,"href":"https:\/\/tvc16.com\/portal\/wp-json\/wp\/v2\/posts\/102167\/revisions"}],"predecessor-version":[{"id":102168,"href":"https:\/\/tvc16.com\/portal\/wp-json\/wp\/v2\/posts\/102167\/revisions\/102168"}],"wp:featuredmedia":[{"embeddable":true,"href":"https:\/\/tvc16.com\/portal\/wp-json\/wp\/v2\/media\/76262"}],"wp:attachment":[{"href":"https:\/\/tvc16.com\/portal\/wp-json\/wp\/v2\/media?parent=102167"}],"wp:term":[{"taxonomy":"category","embeddable":true,"href":"https:\/\/tvc16.com\/portal\/wp-json\/wp\/v2\/categories?post=102167"},{"taxonomy":"post_tag","embeddable":true,"href":"https:\/\/tvc16.com\/portal\/wp-json\/wp\/v2\/tags?post=102167"}],"curies":[{"name":"wp","href":"https:\/\/api.w.org\/{rel}","templated":true}]}}