{"id":102170,"date":"2025-04-07T11:08:52","date_gmt":"2025-04-07T14:08:52","guid":{"rendered":"https:\/\/tvc16.com\/portal\/?p=102170"},"modified":"2025-04-07T11:14:04","modified_gmt":"2025-04-07T14:14:04","slug":"boletim-prefeitura-continua-trabalho-de-limpeza-e-desobstrucao-das-viaschuvas-do-fim-de-semana-nao-registraram-vitimasatualizacao-07-04-10h40","status":"publish","type":"post","link":"https:\/\/tvc16.com\/portal\/2025\/04\/07\/boletim-prefeitura-continua-trabalho-de-limpeza-e-desobstrucao-das-viaschuvas-do-fim-de-semana-nao-registraram-vitimasatualizacao-07-04-10h40\/","title":{"rendered":"Boletim: Prefeitura continua trabalho de limpeza e desobstru\u00e7\u00e3o das vias"},"content":{"rendered":"\n<p><em>Chuvas do fim de semana n\u00e3o registraram v\u00edtimas<br>Atualiza\u00e7\u00e3o 07\/04 \u2013 10h40<\/em><\/p>\n\n\n\n<p>A Defesa Civil recebeu de sexta-feira (04\/04) at\u00e9 a manh\u00e3 desta segunda-feira (07\/04), 162 chamadas. As equipes da DC j\u00e1 vistoriaram 102. N\u00e3o h\u00e1 registro de v\u00edtimas.<\/p>\n\n\n\n<p>As equipes da Companhia Municipal de Desenvolvimento de Petr\u00f3polis (Comdep) continuam atuando na limpeza e desobstru\u00e7\u00e3o das \u00e1reas atingidas, com a retirada de \u00e1rvores e galhos, limpeza de ruas em conjunto com a \u00c1guas do Imperador e \u00f3rg\u00e3os do Governo do Estado.<\/p>\n\n\n\n<p>As equipes est\u00e3o na Rua dos Ferrovi\u00e1rios, no Alto da Serra; na Estrada Uni\u00e3o e Ind\u00fastria, no CIEP de Corr\u00eaas; e no Esporte Clube Corr\u00eaas. Tamb\u00e9m h\u00e1 frentes de trabalho na Rua Coronel Veiga, no Sim\u00e9ria, no Amazonas, na Vila Felipe e na regi\u00e3o do Prado, em Corr\u00eaas.<\/p>\n\n\n\n<p>Chamadas:<br>Deslizamentos, quedas de \u00e1rvores, rolamento de blocos, problemas em vias, queda de postes, alagamentos e outros.<\/p>\n\n\n\n<p>Fam\u00edlias atendidas no Centro de Acolhimento Gabriel Vila Real da Rocha (Rua Floriano Peixoto:<\/p>\n\n\n\n<ul class=\"wp-block-list\">\n<li>8 fam\u00edlias.<\/li>\n<\/ul>\n\n\n\n<p>Principais vias interditadas:<br>Rua Primeiro de Maio, Centro<br>Rua do Pontilh\u00e3o, Lopes Trov\u00e3o<br>Rua Rio Grande do Sul, Quitandinha<\/p>\n\n\n\n<p>Transporte p\u00fablico:<br>Normalizado<\/p>\n\n\n\n<p>Fornecimento de energia el\u00e9trica e \u00e1gua:<br>A regi\u00e3o do Floresta est\u00e1 com abastecimento prejudicado, devido \u00e0 falta de energia na bomba que abastece a localidade. De acordo com a \u00c1guas do Imperador, a concession\u00e1ria de energia el\u00e9trica j\u00e1 foi acionada.<\/p>\n\n\n\n<p>De acordo com a concession\u00e1ria de energia Enel, s\u00e3o 993 clientes impactados, o que representa 0,56%, dos clientes da distribuidora na cidade.<\/p>\n\n\n\n<p>Funcionamento parques:<br>Os tr\u00eas parques (Cremerie, Padre Quinha na Avenida Ipiranga e Prefeito Paulo Rattes em Itaipava) estar\u00e3o fechados nesta segunda-feira (07\/04).<\/p>\n\n\n\n<p>Situa\u00e7\u00e3o atual:<\/p>\n\n\n\n<ul class=\"wp-block-list\">\n<li>C\u00e9u poucas nuvens, sem chuva.<\/li>\n<\/ul>\n\n\n\n<p>Previs\u00e3o para as pr\u00f3ximas horas:<\/p>\n\n\n\n<ul class=\"wp-block-list\">\n<li>C\u00e9u parcialmente nublado, com chuva fraca isolada.<\/li>\n<\/ul>\n\n\n\n<p>Maiores acumulados em 24h:<\/p>\n\n\n\n<ul class=\"wp-block-list\">\n<li>Quitandinha Duques: 41,6mm (Cemaden RJ)<\/li>\n\n\n\n<li>Independ\u00eancia2: 40,71mm (Cemaden BR)<\/li>\n\n\n\n<li>Alto da Serra: 33,86mm (Cemaden BR)<\/li>\n<\/ul>\n\n\n\n<p>Maiores acumulados em 72h:<\/p>\n\n\n\n<ul class=\"wp-block-list\">\n<li>S\u00e3o Sebasti\u00e3o-Vital: 385,4mm (Cemaden RJ)<\/li>\n\n\n\n<li>Alto da Serra: 370,81mm (Cemaden BR)<\/li>\n\n\n\n<li>Independ\u00eancia2: 370,1mm (Cemaden BR)<\/li>\n<\/ul>\n\n\n\n<p>Maiores acumulados em 96h:<\/p>\n\n\n\n<ul class=\"wp-block-list\">\n<li>S\u00e3o Sebasti\u00e3o1-Vital: 391,8mm (Cemaden RJ)<\/li>\n\n\n\n<li>Independ\u00eancia 2: 375,62mm (Cemaden BR)<\/li>\n\n\n\n<li>Alto da Serra: 373,39mm (Cemaden BR)<\/li>\n<\/ul>\n\n\n\n<p>Est\u00e1gio operacional:<\/p>\n\n\n\n<ul class=\"wp-block-list\">\n<li>Observa\u00e7\u00e3o<\/li>\n<\/ul>\n\n\n\n<p>Recomenda\u00e7\u00f5es da Defesa Civil:<br>A Defesa Civil refor\u00e7a a import\u00e2ncia de que moradores em \u00e1reas de risco mantenham aten\u00e7\u00e3o redobrada:<\/p>\n\n\n\n<ul class=\"wp-block-list\">\n<li>N\u00e3o permane\u00e7a em locais interditados<\/li>\n\n\n\n<li>N\u00e3o transite por \u00e1reas alagadas\/inundadas<\/li>\n\n\n\n<li>Esteja atento a sinais de deslizamentos<\/li>\n<\/ul>\n\n\n\n<p>Em caso de emerg\u00eancia, ligue para o n\u00famero 199.<\/p>\n","protected":false},"excerpt":{"rendered":"<p>Chuvas do fim de semana n\u00e3o registraram v\u00edtimasAtualiza\u00e7\u00e3o 07\/04 \u2013 10h40 A Defesa Civil recebeu<\/p>\n","protected":false},"author":2,"featured_media":102171,"comment_status":"open","ping_status":"open","sticky":false,"template":"","format":"standard","meta":{"footnotes":""},"categories":[12],"tags":[],"class_list":["post-102170","post","type-post","status-publish","format-standard","has-post-thumbnail","hentry","category-cidade"],"_links":{"self":[{"href":"https:\/\/tvc16.com\/portal\/wp-json\/wp\/v2\/posts\/102170","targetHints":{"allow":["GET"]}}],"collection":[{"href":"https:\/\/tvc16.com\/portal\/wp-json\/wp\/v2\/posts"}],"about":[{"href":"https:\/\/tvc16.com\/portal\/wp-json\/wp\/v2\/types\/post"}],"author":[{"embeddable":true,"href":"https:\/\/tvc16.com\/portal\/wp-json\/wp\/v2\/users\/2"}],"replies":[{"embeddable":true,"href":"https:\/\/tvc16.com\/portal\/wp-json\/wp\/v2\/comments?post=102170"}],"version-history":[{"count":2,"href":"https:\/\/tvc16.com\/portal\/wp-json\/wp\/v2\/posts\/102170\/revisions"}],"predecessor-version":[{"id":102173,"href":"https:\/\/tvc16.com\/portal\/wp-json\/wp\/v2\/posts\/102170\/revisions\/102173"}],"wp:featuredmedia":[{"embeddable":true,"href":"https:\/\/tvc16.com\/portal\/wp-json\/wp\/v2\/media\/102171"}],"wp:attachment":[{"href":"https:\/\/tvc16.com\/portal\/wp-json\/wp\/v2\/media?parent=102170"}],"wp:term":[{"taxonomy":"category","embeddable":true,"href":"https:\/\/tvc16.com\/portal\/wp-json\/wp\/v2\/categories?post=102170"},{"taxonomy":"post_tag","embeddable":true,"href":"https:\/\/tvc16.com\/portal\/wp-json\/wp\/v2\/tags?post=102170"}],"curies":[{"name":"wp","href":"https:\/\/api.w.org\/{rel}","templated":true}]}}