{"id":102176,"date":"2025-04-07T12:56:25","date_gmt":"2025-04-07T15:56:25","guid":{"rendered":"https:\/\/tvc16.com\/portal\/?p=102176"},"modified":"2025-04-07T12:56:27","modified_gmt":"2025-04-07T15:56:27","slug":"governo-federal-reconhece-situacao-de-emergencia-em-petropolis","status":"publish","type":"post","link":"https:\/\/tvc16.com\/portal\/2025\/04\/07\/governo-federal-reconhece-situacao-de-emergencia-em-petropolis\/","title":{"rendered":"Governo federal reconhece situa\u00e7\u00e3o de emerg\u00eancia em Petr\u00f3polis"},"content":{"rendered":"\n<p>O governo federal reconheceu situa\u00e7\u00e3o de emerg\u00eancia no munic\u00edpio de Petr\u00f3polis, na regi\u00e3o serrana fluminense, devido \u00e0s fortes chuvas que atingiram o estado&nbsp;entre sexta-feira (4) e domingo (6), segundo&nbsp;<a href=\"https:\/\/www.in.gov.br\/en\/web\/dou\/-\/portaria-n-1.098-de-6-de-abril-de-2025-622125239\" target=\"_blank\" rel=\"noreferrer noopener\">nota divulgada<\/a>&nbsp;pelo Minist\u00e9rio da Integra\u00e7\u00e3o e do Desenvolvimento Regional.&nbsp;<img decoding=\"async\" src=\"https:\/\/agenciabrasil.ebc.com.br\/ebc.png?id=1637743&amp;o=node\"><img decoding=\"async\" src=\"https:\/\/agenciabrasil.ebc.com.br\/ebc.gif?id=1637743&amp;o=node\"><\/p>\n\n\n\n<p><strong>Mais cedo, a Defesa Civil Nacional j\u00e1 havia reconhecido&nbsp;<a href=\"https:\/\/www.in.gov.br\/en\/web\/dou\/-\/portaria-n-1.097-de-6-de-abril-de-2025-622218097\" target=\"_blank\" rel=\"noreferrer noopener\">situa\u00e7\u00e3o de emerg\u00eancia em Angra dos Reis<\/a>, no sul fluminense. Com isso,&nbsp;<a href=\"https:\/\/agenciabrasil.ebc.com.br\/geral\/noticia\/2025-04\/governo-federal-reconhece-situacao-de-emergencia-em-angra-dos-reis\" target=\"_blank\" rel=\"noreferrer noopener\">os dois munic\u00edpios podem solicitar recursos federais<\/a>&nbsp;para a\u00e7\u00f5es de defesa civil, como compra de cestas b\u00e1sicas, \u00e1gua mineral, refei\u00e7\u00e3o para trabalhadores e volunt\u00e1rios, kits de limpeza de resid\u00eancia, higiene pessoal e dormit\u00f3rio, entre outros.<\/strong><\/p>\n\n\n\n<p>O Corpo de Bombeiros fluminense resgatou pelo menos 80 v\u00edtimas das chuvas desde sexta-feira (4) no estado do Rio. Segundo a Secretaria Estadual de Defesa Civil, nenhuma delas estava em situa\u00e7\u00e3o de sa\u00fade grave. N\u00e3o foram registradas mortes at\u00e9 a tarde desse domingo (6).<\/p>\n\n\n\n<p>Ainda de acordo com os bombeiros, at\u00e9 as 19h de ontem&nbsp;havia 523 pessoas desalojadas e 48 desabrigadas (ou seja, aquelas que precisaram de abrigo p\u00fablico) no estado. Angra dos Reis foi um dos munic\u00edpios que mais registrou desalojados por causa das chuvas.<\/p>\n\n\n\n<p><strong>Segundo a prefeitura do munic\u00edpio do litoral sul fluminense, o n\u00famero de pessoas que tiveram que deixar suas casas superou 300, mas, \u00e0s 21h20, havia ca\u00eddo&nbsp;para 174.<\/strong><\/p>\n\n\n\n<p>Em Petr\u00f3polis, as chuvas provocaram deslizamentos e alagamentos, mas n\u00e3o deixaram v\u00edtimas. Ruas tiveram que ser interditadas e os fornecimentos de \u00e1gua e de luz foram interrompidos em alguns locais do munic\u00edpio. Mais de 3,3 mil pessoas ficaram sem luz, informou a prefeitura.<\/p>\n\n\n\n<p>Ainda segundo a prefeitura do munic\u00edpio da regi\u00e3o serrana, em 24 horas, em algumas regi\u00f5es, choveu 50% a mais do que o esperado para todo o m\u00eas. A previs\u00e3o para o per\u00edodo era em torno de 200 mil\u00edmetros (200 litros por metro quadrado), mas na localidade de S\u00e3o Sebasti\u00e3o, por exemplo, o pluvi\u00f4metro registrou 301 mm acumulados em 24 horas, no s\u00e1bado (5).<\/p>\n\n\n\n<p>A Secretaria Estadual de Defesa Civil informou que os bombeiros atenderam a 522 ocorr\u00eancias relacionadas \u00e0s chuvas at\u00e9 as 19h de ontem, o que incluiu 150 salvamentos de animais e atua\u00e7\u00f5es em 37 alagamentos e 18 deslizamentos de terra.<\/p>\n\n\n\n<p><\/p>\n","protected":false},"excerpt":{"rendered":"<p>O governo federal reconheceu situa\u00e7\u00e3o de emerg\u00eancia no munic\u00edpio de Petr\u00f3polis, na regi\u00e3o serrana fluminense,<\/p>\n","protected":false},"author":2,"featured_media":102079,"comment_status":"open","ping_status":"open","sticky":false,"template":"","format":"standard","meta":{"footnotes":""},"categories":[12],"tags":[],"class_list":["post-102176","post","type-post","status-publish","format-standard","has-post-thumbnail","hentry","category-cidade"],"_links":{"self":[{"href":"https:\/\/tvc16.com\/portal\/wp-json\/wp\/v2\/posts\/102176","targetHints":{"allow":["GET"]}}],"collection":[{"href":"https:\/\/tvc16.com\/portal\/wp-json\/wp\/v2\/posts"}],"about":[{"href":"https:\/\/tvc16.com\/portal\/wp-json\/wp\/v2\/types\/post"}],"author":[{"embeddable":true,"href":"https:\/\/tvc16.com\/portal\/wp-json\/wp\/v2\/users\/2"}],"replies":[{"embeddable":true,"href":"https:\/\/tvc16.com\/portal\/wp-json\/wp\/v2\/comments?post=102176"}],"version-history":[{"count":1,"href":"https:\/\/tvc16.com\/portal\/wp-json\/wp\/v2\/posts\/102176\/revisions"}],"predecessor-version":[{"id":102177,"href":"https:\/\/tvc16.com\/portal\/wp-json\/wp\/v2\/posts\/102176\/revisions\/102177"}],"wp:featuredmedia":[{"embeddable":true,"href":"https:\/\/tvc16.com\/portal\/wp-json\/wp\/v2\/media\/102079"}],"wp:attachment":[{"href":"https:\/\/tvc16.com\/portal\/wp-json\/wp\/v2\/media?parent=102176"}],"wp:term":[{"taxonomy":"category","embeddable":true,"href":"https:\/\/tvc16.com\/portal\/wp-json\/wp\/v2\/categories?post=102176"},{"taxonomy":"post_tag","embeddable":true,"href":"https:\/\/tvc16.com\/portal\/wp-json\/wp\/v2\/tags?post=102176"}],"curies":[{"name":"wp","href":"https:\/\/api.w.org\/{rel}","templated":true}]}}