{"id":102178,"date":"2025-04-08T05:00:00","date_gmt":"2025-04-08T08:00:00","guid":{"rendered":"https:\/\/tvc16.com\/portal\/?p=102178"},"modified":"2025-04-07T13:03:24","modified_gmt":"2025-04-07T16:03:24","slug":"monsenhor-jose-maria-sera-ordenado-bispo-sabado-12-de-abril-as-9h-na-catedral-sao-pedro-de-alcantara","status":"publish","type":"post","link":"https:\/\/tvc16.com\/portal\/2025\/04\/08\/monsenhor-jose-maria-sera-ordenado-bispo-sabado-12-de-abril-as-9h-na-catedral-sao-pedro-de-alcantara\/","title":{"rendered":"Monsenhor Jos\u00e9 Maria ser\u00e1 ordenado bispo, s\u00e1bado, 12 de abril, \u00e0s 9h, na Catedral S\u00e3o Pedro de Alc\u00e2ntara"},"content":{"rendered":"\n<p>A Ordena\u00e7\u00e3o Episcopal de Monsenhor Jos\u00e9 Maria Pereira ser\u00e1 realizada no dia 12 de abril, s\u00e1bado, \u00e0s 9h, na Catedral de S\u00e3o Pedro de Alc\u00e2ntara, em Petr\u00f3polis (RJ), tendo como ordenante o Cardeal Orani Jo\u00e3o Tempesta, Arcebispo de S\u00e3o Sebasti\u00e3o do Rio de Janeiro, e co-ordenantes Dom Joel Portella Amado, Bispo Diocesano de Petr\u00f3polis, e Dom Gilson Andrade Silva, Bispo Diocesano de Nova Igua\u00e7u e Presedente do Regional Leste 1 da CNBB. Monsenhor Jos\u00e9 Maria adotar\u00e1 o lema episcopal Veni Ministrare (Vim para servir) (cf. Mc 10,45).<\/p>\n\n\n\n<p>A nomea\u00e7\u00e3o de Monsenhor Jos\u00e9 Maria pelo Papa Francisco, aconteceu no dia 25 de fevereiro, sendo eleito Bispo Titular de Sigus e Auxiliar da Arquidiocese S\u00e3o Sebasti\u00e3o do Rio de Janeiro. A sua apresenta\u00e7\u00e3o na Arquidiocese do Rio est\u00e1 marcada para o dia 10 de maio, \u00e0s 8h30, na Catedral Metropolitana de S\u00e3o Sebasti\u00e3o do Rio de Janeiro.<\/p>\n\n\n\n<p>Monsenhor Jos\u00e9 Maria Pereira \u00e9 o terceiro padre da Diocese de Petr\u00f3polis a ser nomeado bispo, sendo que o primeiro foi Dom Paulo Machado, bispo de Uberl\u00e2ndia, Minas Gerais, e Dom Gilson Andrade, bispo de Nova Igua\u00e7u. Os tr\u00eas foram reitores do Semin\u00e1rio Diocesano Nossa Senhora do Amor Divino.<\/p>\n\n\n\n<p>Biografia<\/p>\n\n\n\n<p>Nasceu em 2 de mar\u00e7o de 1958, em Senhora dos Rem\u00e9dios (MG). Possui forma\u00e7\u00e3o em Filosofia pelo semin\u00e1rio diocesano de Nossa Senhora do Amor Divino, em Petr\u00f3polis (RJ), de 1981 a 1982; Teologia pela Escola Teol\u00f3gica da Congrega\u00e7\u00e3o Beneditina do Brasil, do mosteiro de S\u00e3o Bento, no Rio de Janeiro -(RJ) de 1983 a 1986. Tamb\u00e9m formou-se em Pedagogia pela Universidade Cat\u00f3lica de Petr\u00f3polis, de 1992 a 1997, e obteve o mestrado em Direito Can\u00f4nico, pelo Instituto Superior de Direito Can\u00f4nico, do Rio de Janeiro, de 2000 a 2001.<\/p>\n\n\n\n<p>Foi ordenado sacerdote em 7 de dezembro de 1986. No semin\u00e1rio diocesano Nossa Senhora do Amor Divino, em Petr\u00f3polis (RJ), foi professor de Latim, de 1987 a 1998, e de Metodologia de Ensino e Pesquisa, de 1987 a 2003; Foi vice-reitor, de 1987 a 1989; diretor espiritual, de 1990 at\u00e9 2004; e seu diretor geral e do educand\u00e1rio diocesano Nossa Senhora do Amor Divino, de 1998 at\u00e9 o momento. Foi reitor do semin\u00e1rio diocesano, de agosto 2013 at\u00e9 dezembro de 2016.<\/p>\n\n\n\n<p>Em 11 de junho de 2010, tomou posse na Academia Petropolitana de Educa\u00e7\u00e3o, na cadeira n\u00ba6, que tem como patrono Aristides Wernek. Foi nomeado, em agosto de 2011, presidente da Associa\u00e7\u00e3o Mantedora Faculdades Cat\u00f3lica de Petr\u00f3polis (UCP) at\u00e9 o momento.<\/p>\n\n\n\n<p>Foi pregador de Retiro de Foyer de Charit\u00e9 (Mendes \u2013 RJ): de 1987 at\u00e9 o momento; organizou a Homilia Dominical para o site Presb\u00edteros: de fevereiro de 2009 at\u00e9 o momento e articulista semanal para o Jornal Tribuna de Petr\u00f3polis: de fevereiro de 2009 at\u00e9 o momento.<\/p>\n\n\n\n<p>Encargos paroquiais<\/p>\n\n\n\n<p>Foi vig\u00e1rio paroquial da par\u00f3quia Sant\u2019Ana da Inconfid\u00eancia, em Para\u00edba do Sul (RJ), de 1987 a 1989; Administrador paroquial da par\u00f3quia de S\u00e3o Jos\u00e9 do Itamarati, em Petr\u00f3polis (RJ) de 1992 a 1993; Vig\u00e1rio paroquial da par\u00f3quia de s\u00e3o Jos\u00e9, em S\u00e3o Jos\u00e9 do Vale do Rio Preto (RJ), de 1997 a 1998; Vig\u00e1rio paroquial da par\u00f3quia de S\u00e3o Jos\u00e9, Itaipava, em Petr\u00f3polis (RJ), de 2003 a 2004; Administrador paroquial da par\u00f3quia de S\u00e3o Jo\u00e3o Batista, em Posse, de 2005 a 2006; Vig\u00e1rio paroquial da catedral S\u00e3o Pedro de Alc\u00e2ntara de 2007 a 2009; P\u00e1roco da par\u00f3quia S\u00e3o Jos\u00e9 de Itaipava, de fevereiro de 2010 a julho de 2013; Vig\u00e1rio paroquial da par\u00f3quia Nossa Senhora de F\u00e1tima, em Itaipava, em Petr\u00f3polis (RJ), de dezembro 2016 at\u00e9 fevereiro de 2019; Decano do decanato Nossa Senhora do Amor Divino de mar\u00e7o 2010 at\u00e9 agosto de 2013; Assistente espiritual da Equipe de Nossa Senhora de 2008 at\u00e9 2019 e p\u00e1roco da par\u00f3quia S\u00e3o Jos\u00e9 do Itamarati de mar\u00e7o 2019 at\u00e9 momento.<\/p>\n\n\n\n<p>Na diocese de Petr\u00f3polis foi coordenador diocesano de Pastoral Vocacional, de 1987 a 2016; Assistente espiritual do Serra Clube, de 1987 a 2016; Assistente e orientador espiritual do Col\u00e9gio S\u00e3o Paulo, em Teres\u00f3polis, de 1991 a 2000; Diretor espiritual do noviciado das Irm\u00e3s Ang\u00e9licas, em Teres\u00f3polis, de 1991 a 2000; Coordenador diocesano de Pastoral da Juventude, de 1990 a 2004; Diretor do Curso de Teologia para Leigos, de 1998 a 2010; Membro do Conselho Presbiteral, de 1993 a 1999; e de 2013 at\u00e9 o momento.<\/p>\n\n\n\n<p>Foi tamb\u00e9m professor de Teologia (1998 a 2010) e de Direito Can\u00f4nico (2001 a 2010) da Universidade Cat\u00f3lica de Petr\u00f3polis. Reitor desta universidade de 2004 a 2007. Foi nomeado membro do Governo da Diocese de 2004 a 2011; Organizador e diretor da Escola Diaconal Santo Estev\u00e3o, de 2007 a 2016.<br>Em 10 de abril de 2008, o Papa Bento XVI conferiu-lhe o t\u00edtulo de \u201cmonsenhor\u201d, incluindo-o entre seus capel\u00e3es; Em janeiro de 2013, foi eleito membro do Conselho Presbiteral at\u00e9 o momento. Em mar\u00e7o de 2013 eleito membro do Col\u00e9gio de Consultores at\u00e9 o momento.<\/p>\n\n\n\n<p>Exerceu o papel de Juiz do Tribunal Eclesi\u00e1stico Diocesano de Petr\u00f3polis (RJ), de mar\u00e7o de 2016 at\u00e9 o momento; Vig\u00e1rio Geral da diocese de Petr\u00f3polis e moderador da C\u00faria Diocesana, de mar\u00e7o de 2019 at\u00e9 o momento; e administrador diocesano de dezembro de 2023 a mar\u00e7o de 2024.<\/p>\n\n\n\n<p>No regional Leste 1 da CNBB, foi assessor da Comiss\u00e3o para Minist\u00e9rios Ordenados e Vida Consagrada de 1988 a 2004; Assistente espiritual da Pastoral Familiar, de 2003 a 2004; Presidente da OSIB de setembro de 2013 at\u00e9 dezembro de 2015; -Foi eleito Coordenador da PV\/SAV em mar\u00e7o de 2016 at\u00e9 dezembro 2016.<\/p>\n\n\n\n<p>Tamb\u00e9m foi Juiz do Tribunal Eclesi\u00e1stico Interdiocesano, em Niter\u00f3i, de 2007 at\u00e9 o momento.<\/p>\n\n\n\n<p>Foto: divulga\u00e7\u00e3o<\/p>\n","protected":false},"excerpt":{"rendered":"<p>A Ordena\u00e7\u00e3o Episcopal de Monsenhor Jos\u00e9 Maria Pereira ser\u00e1 realizada no dia 12 de abril,<\/p>\n","protected":false},"author":2,"featured_media":102179,"comment_status":"open","ping_status":"open","sticky":false,"template":"","format":"standard","meta":{"footnotes":""},"categories":[12,1],"tags":[],"class_list":["post-102178","post","type-post","status-publish","format-standard","has-post-thumbnail","hentry","category-cidade","category-uncategorized"],"_links":{"self":[{"href":"https:\/\/tvc16.com\/portal\/wp-json\/wp\/v2\/posts\/102178","targetHints":{"allow":["GET"]}}],"collection":[{"href":"https:\/\/tvc16.com\/portal\/wp-json\/wp\/v2\/posts"}],"about":[{"href":"https:\/\/tvc16.com\/portal\/wp-json\/wp\/v2\/types\/post"}],"author":[{"embeddable":true,"href":"https:\/\/tvc16.com\/portal\/wp-json\/wp\/v2\/users\/2"}],"replies":[{"embeddable":true,"href":"https:\/\/tvc16.com\/portal\/wp-json\/wp\/v2\/comments?post=102178"}],"version-history":[{"count":1,"href":"https:\/\/tvc16.com\/portal\/wp-json\/wp\/v2\/posts\/102178\/revisions"}],"predecessor-version":[{"id":102180,"href":"https:\/\/tvc16.com\/portal\/wp-json\/wp\/v2\/posts\/102178\/revisions\/102180"}],"wp:featuredmedia":[{"embeddable":true,"href":"https:\/\/tvc16.com\/portal\/wp-json\/wp\/v2\/media\/102179"}],"wp:attachment":[{"href":"https:\/\/tvc16.com\/portal\/wp-json\/wp\/v2\/media?parent=102178"}],"wp:term":[{"taxonomy":"category","embeddable":true,"href":"https:\/\/tvc16.com\/portal\/wp-json\/wp\/v2\/categories?post=102178"},{"taxonomy":"post_tag","embeddable":true,"href":"https:\/\/tvc16.com\/portal\/wp-json\/wp\/v2\/tags?post=102178"}],"curies":[{"name":"wp","href":"https:\/\/api.w.org\/{rel}","templated":true}]}}