{"id":102192,"date":"2025-04-07T15:56:03","date_gmt":"2025-04-07T18:56:03","guid":{"rendered":"https:\/\/tvc16.com\/portal\/?p=102192"},"modified":"2025-04-07T15:56:05","modified_gmt":"2025-04-07T18:56:05","slug":"prefeitura-de-teresopolis-faz-vistorias-limpa-a-cidade-e-segue-no-atendimento-a-populacao","status":"publish","type":"post","link":"https:\/\/tvc16.com\/portal\/2025\/04\/07\/prefeitura-de-teresopolis-faz-vistorias-limpa-a-cidade-e-segue-no-atendimento-a-populacao\/","title":{"rendered":"Prefeitura de Teres\u00f3polis faz vistorias, limpa a cidade e segue no atendimento \u00e0 popula\u00e7\u00e3o"},"content":{"rendered":"\n<p><em>Munic\u00edpio registrou 57 ocorr\u00eancias em tr\u00eas dias de chuvas intensas<\/em><\/p>\n\n\n\n<p>O Prefeito Leonardo Vasconcellos vem visitando os bairros e acompanhando o trabalho das equipes das secretarias municipais, que atuam ininterruptamente desde a \u00faltima sexta-feira, 04\/04, no atendimento \u00e0 popula\u00e7\u00e3o, na realiza\u00e7\u00e3o de vistorias t\u00e9cnicas, na libera\u00e7\u00e3o e limpeza de vias p\u00fablicas afetadas por quedas de \u00e1rvores e de barreiras devido \u00e0 chuva intensa que atingiu o estado do Rio de Janeiro.<\/p>\n\n\n\n<p>\u201cEstamos percorrendo cidade e interior, acolhendo as pessoas com atendimento social e de sa\u00fade, verificando as condi\u00e7\u00f5es dos bairros e fazendo um faxina\u00e7o geral. Continuamos mobilizados para a a volta \u00e0 normalidade o mais breve poss\u00edvel\u201d, destaca o Prefeito.<\/p>\n\n\n\n<p><strong>Trabalho conjunto:&nbsp;<\/strong>As a\u00e7\u00f5es da for\u00e7a-tarefa mobilizam as secretarias municipais de Defesa Civil, Assist\u00eancia Social,&nbsp;Agricultura,&nbsp;Esporte, Limpeza P\u00fablica,&nbsp;Meio Ambiente,&nbsp;Obras e Servi\u00e7os P\u00fablicos, Sa\u00fade e de Seguran\u00e7a. S\u00e3o realizadas em parceria com \u00f3rg\u00e3os estaduais, como PM, Corpo de Bombeiros e INEA, que disponibilizaram equipes e equipamentos que, somados ao pessoal, ve\u00edculos e maquin\u00e1rio da Prefeitura, agilizam as interven\u00e7\u00f5es, na cidade e no interior. A empresa \u00c1guas da Imperatriz destacou caminh\u00e3o-tanque&nbsp; para lavagem de vias e espa\u00e7os p\u00fablicos. Equipes da ENEL seguem trabalhando para restabelecer o fornecimento de energia el\u00e9trica nos locais afetados por curtos na rede.<\/p>\n\n\n\n<p><strong>Monitoramento:&nbsp;<\/strong>De acordo com a Secretaria Municipal de Defesa Civil,&nbsp;Teres\u00f3polis segue no est\u00e1gio de Aten\u00e7\u00e3o. Entre sexta-feira,&nbsp;04, e domingo,&nbsp; 06 de abril, foram registradas 57 ocorr\u00eancias relacionadas a deslizamentos de terra, alagamentos, afundamentos de via, quedas de \u00e1rvores e vistorias preventivas em estruturas de alvenaria.&nbsp;Atualmente, existem 12 pessoas desalojadas e que recebem acolhimento nos pontos de apoio do Vale da Revolta (05) e no CRAS Barroso (05).&nbsp;As equipes seguem empenhadas no atendimento aos moradores das comunidades afetadas, com prioridade para as situa\u00e7\u00f5es de risco imediato.<\/p>\n\n\n\n<p><strong>Previs\u00e3o:&nbsp;<\/strong>Panorama meteorol\u00f3gico da&nbsp;Defesa Civil Estadual informa que as condi\u00e7\u00f5es do tempo ainda est\u00e3o inst\u00e1veis,&nbsp;com previs\u00e3o de c\u00e9u nublado passando a parcialmente nublado, com chuvas fracas, isoladas. Permanecem as condi\u00e7\u00f5es de risco hidrol\u00f3gico moderado para todas as regi\u00f5es.&nbsp;<\/p>\n\n\n\n<p><em><strong>Fotos: Jorge Maravilha, Roberto Ferreira, John Martins, Divulga\u00e7\u00e3o<\/strong><\/em><\/p>\n","protected":false},"excerpt":{"rendered":"<p>Munic\u00edpio registrou 57 ocorr\u00eancias em tr\u00eas dias de chuvas intensas O Prefeito Leonardo Vasconcellos vem<\/p>\n","protected":false},"author":2,"featured_media":102193,"comment_status":"open","ping_status":"open","sticky":false,"template":"","format":"standard","meta":{"footnotes":""},"categories":[17],"tags":[],"class_list":["post-102192","post","type-post","status-publish","format-standard","has-post-thumbnail","hentry","category-outras-noticias"],"_links":{"self":[{"href":"https:\/\/tvc16.com\/portal\/wp-json\/wp\/v2\/posts\/102192","targetHints":{"allow":["GET"]}}],"collection":[{"href":"https:\/\/tvc16.com\/portal\/wp-json\/wp\/v2\/posts"}],"about":[{"href":"https:\/\/tvc16.com\/portal\/wp-json\/wp\/v2\/types\/post"}],"author":[{"embeddable":true,"href":"https:\/\/tvc16.com\/portal\/wp-json\/wp\/v2\/users\/2"}],"replies":[{"embeddable":true,"href":"https:\/\/tvc16.com\/portal\/wp-json\/wp\/v2\/comments?post=102192"}],"version-history":[{"count":1,"href":"https:\/\/tvc16.com\/portal\/wp-json\/wp\/v2\/posts\/102192\/revisions"}],"predecessor-version":[{"id":102194,"href":"https:\/\/tvc16.com\/portal\/wp-json\/wp\/v2\/posts\/102192\/revisions\/102194"}],"wp:featuredmedia":[{"embeddable":true,"href":"https:\/\/tvc16.com\/portal\/wp-json\/wp\/v2\/media\/102193"}],"wp:attachment":[{"href":"https:\/\/tvc16.com\/portal\/wp-json\/wp\/v2\/media?parent=102192"}],"wp:term":[{"taxonomy":"category","embeddable":true,"href":"https:\/\/tvc16.com\/portal\/wp-json\/wp\/v2\/categories?post=102192"},{"taxonomy":"post_tag","embeddable":true,"href":"https:\/\/tvc16.com\/portal\/wp-json\/wp\/v2\/tags?post=102192"}],"curies":[{"name":"wp","href":"https:\/\/api.w.org\/{rel}","templated":true}]}}