{"id":102198,"date":"2025-04-08T05:00:00","date_gmt":"2025-04-08T08:00:00","guid":{"rendered":"https:\/\/tvc16.com\/portal\/?p=102198"},"modified":"2025-04-07T18:07:02","modified_gmt":"2025-04-07T21:07:02","slug":"turp-transporte-abre-23-vagas-de-trabalho-em-petropolis","status":"publish","type":"post","link":"https:\/\/tvc16.com\/portal\/2025\/04\/08\/turp-transporte-abre-23-vagas-de-trabalho-em-petropolis\/","title":{"rendered":"Turp Transporte abre 23 vagas de trabalho em Petr\u00f3polis"},"content":{"rendered":"\n<p><em>Balc\u00e3o de Empregos ser\u00e1 realizado nesta ter\u00e7a-feira, no Terminal Centro<\/em><\/p>\n\n\n\n<p>A empresa de \u00f4nibus Turp Transporte promove, nesta ter\u00e7a-feira (8), mais uma edi\u00e7\u00e3o do Balc\u00e3o de Empregos, na sala anexa ao Terminal Centro, pr\u00f3ximo ao frald\u00e1rio. As equipes de Recursos Humanos oferecem 23 oportunidades de trabalho, com vagas nas fun\u00e7\u00f5es de motorista, mec\u00e2nico, eletricista e l\u00edder de manuten\u00e7\u00e3o. O atendimento presencial acontece pela manh\u00e3, das 9h \u00e0s 12h, e tamb\u00e9m \u00e0 tarde, das 13h \u00e0s 17h.<\/p>\n\n\n\n<p>De acordo com a operadora, todas as vagas de emprego s\u00e3o para contrata\u00e7\u00e3o imediata. Os principais requisitos s\u00e3o: escolaridade a partir do 5\u00ba ano, disponibilidade de hor\u00e1rio e residir em Petr\u00f3polis. \u201cSeguimos agilizando o processo de recrutamento, atrav\u00e9s do balc\u00e3o de empregos, estreitando a rela\u00e7\u00e3o da empresa com os candidatos, desde o primeiro momento\u201d, destacou o diretor Jean Moraes.<\/p>\n\n\n\n<p>Al\u00e9m de receber os curr\u00edculos, no local haver\u00e1 o esclarecimento de eventuais d\u00favidas dos candidatos. Refor\u00e7ando o compromisso com a inclus\u00e3o, a Turp Transporte ainda disponibiliza vagas para Pessoas com Defici\u00eancia (PCDs). Quem n\u00e3o conseguir levar o curr\u00edculo \u00e0 sala da empresa, no Terminal Centro, pode encaminhar, em formato PDF, para o e-mail vagas@turp.com.br.<\/p>\n","protected":false},"excerpt":{"rendered":"<p>Balc\u00e3o de Empregos ser\u00e1 realizado nesta ter\u00e7a-feira, no Terminal Centro A empresa de \u00f4nibus Turp<\/p>\n","protected":false},"author":2,"featured_media":102199,"comment_status":"open","ping_status":"open","sticky":false,"template":"","format":"standard","meta":{"footnotes":""},"categories":[12],"tags":[],"class_list":["post-102198","post","type-post","status-publish","format-standard","has-post-thumbnail","hentry","category-cidade"],"_links":{"self":[{"href":"https:\/\/tvc16.com\/portal\/wp-json\/wp\/v2\/posts\/102198","targetHints":{"allow":["GET"]}}],"collection":[{"href":"https:\/\/tvc16.com\/portal\/wp-json\/wp\/v2\/posts"}],"about":[{"href":"https:\/\/tvc16.com\/portal\/wp-json\/wp\/v2\/types\/post"}],"author":[{"embeddable":true,"href":"https:\/\/tvc16.com\/portal\/wp-json\/wp\/v2\/users\/2"}],"replies":[{"embeddable":true,"href":"https:\/\/tvc16.com\/portal\/wp-json\/wp\/v2\/comments?post=102198"}],"version-history":[{"count":1,"href":"https:\/\/tvc16.com\/portal\/wp-json\/wp\/v2\/posts\/102198\/revisions"}],"predecessor-version":[{"id":102200,"href":"https:\/\/tvc16.com\/portal\/wp-json\/wp\/v2\/posts\/102198\/revisions\/102200"}],"wp:featuredmedia":[{"embeddable":true,"href":"https:\/\/tvc16.com\/portal\/wp-json\/wp\/v2\/media\/102199"}],"wp:attachment":[{"href":"https:\/\/tvc16.com\/portal\/wp-json\/wp\/v2\/media?parent=102198"}],"wp:term":[{"taxonomy":"category","embeddable":true,"href":"https:\/\/tvc16.com\/portal\/wp-json\/wp\/v2\/categories?post=102198"},{"taxonomy":"post_tag","embeddable":true,"href":"https:\/\/tvc16.com\/portal\/wp-json\/wp\/v2\/tags?post=102198"}],"curies":[{"name":"wp","href":"https:\/\/api.w.org\/{rel}","templated":true}]}}