{"id":10220,"date":"2021-02-10T22:33:09","date_gmt":"2021-02-11T01:33:09","guid":{"rendered":"https:\/\/tvc16.com\/portal\/?p=10220"},"modified":"2021-02-10T22:33:11","modified_gmt":"2021-02-11T01:33:11","slug":"grupo-de-trabalho-visita-regiao-serrana-para-acompanhar-acoes-anunciadas-durante-o-governo-presente","status":"publish","type":"post","link":"https:\/\/tvc16.com\/portal\/2021\/02\/10\/grupo-de-trabalho-visita-regiao-serrana-para-acompanhar-acoes-anunciadas-durante-o-governo-presente\/","title":{"rendered":"Grupo de Trabalho visita Regi\u00e3o Serrana para acompanhar a\u00e7\u00f5es anunciadas durante o Governo Presente"},"content":{"rendered":"\n<p><em>Ap\u00f3s um m\u00eas de programa, cidades receberam melhorias em infraestrutura, meio ambiente e assist\u00eancia social<\/em><em><\/em><\/p>\n\n\n\n<p>Um m\u00eas ap\u00f3s a transfer\u00eancia da sede do Governo do Estado para a Serra, que marcou os 10 anos da trag\u00e9dia causada pelas chuvas na regi\u00e3o, o governador em exerc\u00edcio Cl\u00e1udio Castro determinou que um grupo de trabalho acompanhe as a\u00e7\u00f5es anunciadas durante o programa Governo Presente em Nova Friburgo, Teres\u00f3polis, Areal e Petr\u00f3polis. Nos \u00faltimos 30 dias, diversas a\u00e7\u00f5es avan\u00e7aram, como a recupera\u00e7\u00e3o de encostas, pagamento de aluguel social para v\u00edtimas da trag\u00e9dia, in\u00edcio de atendimento a desempregados nas Casas do Trabalhador, limpeza de rios e c\u00f3rregos e inaugura\u00e7\u00e3o do Polo Cederj, de ensino superior \u00e0 dist\u00e2ncia.<\/p>\n\n\n\n<p>Nesta quinta-feira (11\/02), a equipe \u2013 formada por t\u00e9cnicos das pastas e \u00f3rg\u00e3os estaduais \u2013 e os secret\u00e1rios de Infraestrutura e Obras,&nbsp;Bruno Kazuhiro, e do Ambiente e Sustentabilidade, Thiago&nbsp;Pampolha, vistoriam interven\u00e7\u00f5es e lan\u00e7am o in\u00edcio das obras de duplica\u00e7\u00e3o da ponte de Barra do Imbu\u00ed, em Teres\u00f3polis. Com investimento de R$ 2,1 milh\u00f5es, as obras v\u00e3o melhorar o&nbsp;acesso ao bairro Caleme. Na cidade, o Estado vai anunciar ainda a demoli\u00e7\u00e3o de sete im\u00f3veis ao longo do Rio Pr\u00edncipe para interven\u00e7\u00f5es ambientais. Outras oito unidades habitacionais j\u00e1 foram demolidas.<\/p>\n\n\n\n<p>Tamb\u00e9m nesta quinta-feira, o Governo do Estado inaugura um Polo Cederj em Teres\u00f3polis, no campus da&nbsp;Universidade do Estado do Rio de Janeiro (Uerj),&nbsp;no bairro&nbsp;V\u00e1rzea. A unidade vai oferecer os cursos de&nbsp;Geografia e de Pedagogia a partir do pr\u00f3ximo dia 20. Al\u00e9m do&nbsp;35\u00ba polo do estado, os moradores da cidade poder\u00e3o contar com&nbsp;uma escola da Rede Ceja (Centro&nbsp;de Educa\u00e7\u00e3o de Jovens e Adultos) e do Pr\u00e9-Vestibular Social.<\/p>\n","protected":false},"excerpt":{"rendered":"<p>Ap\u00f3s um m\u00eas de programa, cidades receberam melhorias em infraestrutura, meio ambiente e assist\u00eancia social<\/p>\n","protected":false},"author":2,"featured_media":10221,"comment_status":"open","ping_status":"open","sticky":false,"template":"","format":"standard","meta":{"footnotes":""},"categories":[17],"tags":[],"class_list":["post-10220","post","type-post","status-publish","format-standard","has-post-thumbnail","hentry","category-outras-noticias"],"_links":{"self":[{"href":"https:\/\/tvc16.com\/portal\/wp-json\/wp\/v2\/posts\/10220","targetHints":{"allow":["GET"]}}],"collection":[{"href":"https:\/\/tvc16.com\/portal\/wp-json\/wp\/v2\/posts"}],"about":[{"href":"https:\/\/tvc16.com\/portal\/wp-json\/wp\/v2\/types\/post"}],"author":[{"embeddable":true,"href":"https:\/\/tvc16.com\/portal\/wp-json\/wp\/v2\/users\/2"}],"replies":[{"embeddable":true,"href":"https:\/\/tvc16.com\/portal\/wp-json\/wp\/v2\/comments?post=10220"}],"version-history":[{"count":1,"href":"https:\/\/tvc16.com\/portal\/wp-json\/wp\/v2\/posts\/10220\/revisions"}],"predecessor-version":[{"id":10222,"href":"https:\/\/tvc16.com\/portal\/wp-json\/wp\/v2\/posts\/10220\/revisions\/10222"}],"wp:featuredmedia":[{"embeddable":true,"href":"https:\/\/tvc16.com\/portal\/wp-json\/wp\/v2\/media\/10221"}],"wp:attachment":[{"href":"https:\/\/tvc16.com\/portal\/wp-json\/wp\/v2\/media?parent=10220"}],"wp:term":[{"taxonomy":"category","embeddable":true,"href":"https:\/\/tvc16.com\/portal\/wp-json\/wp\/v2\/categories?post=10220"},{"taxonomy":"post_tag","embeddable":true,"href":"https:\/\/tvc16.com\/portal\/wp-json\/wp\/v2\/tags?post=10220"}],"curies":[{"name":"wp","href":"https:\/\/api.w.org\/{rel}","templated":true}]}}