{"id":102201,"date":"2025-04-08T08:37:21","date_gmt":"2025-04-08T11:37:21","guid":{"rendered":"https:\/\/tvc16.com\/portal\/?p=102201"},"modified":"2025-04-08T08:37:24","modified_gmt":"2025-04-08T11:37:24","slug":"ulan-galinski-faz-historia-na-copa-do-mundo-de-mountain-bike-em-araxa","status":"publish","type":"post","link":"https:\/\/tvc16.com\/portal\/2025\/04\/08\/ulan-galinski-faz-historia-na-copa-do-mundo-de-mountain-bike-em-araxa\/","title":{"rendered":"Ulan Galinski faz hist\u00f3ria na Copa do Mundo de Mountain Bike em Arax\u00e1"},"content":{"rendered":"\n<p><em>Por Gabriel Rattes<\/em><\/p>\n\n\n\n<p>Esse domingo foi m\u00e1gico para o ciclismo brasileiro. O Pa\u00eds pela primeira vez na hist\u00f3ria teve tr\u00eas atletas no Top 15 de uma prova do Cross Country Ol\u00edmpico (XCO) da Copa do Mundo de Mountain Bike. A cidade de Arax\u00e1, Minas Gerais, recebeu milhares de torcedores, que &#8220;pedalaram&#8221; juntos com Ulan Galinski, Gustavo Xavier e Alex Malacarne. Os tr\u00eas chegaram praticamente juntos no final, disputando roda a roda cada cent\u00edmetro de pista. Ulan \u00e9 atleta da Equipe Caloi Henrique Avancini Racing, do petropolitano e um dos maiores atletas da hist\u00f3ria, Henrique Avancini. Ulan participou das Olimp\u00edadas de 2024 e \u00e9 uma das maiores promessas do esporte no pa\u00eds.<\/p>\n\n\n\n<p>Gustavo Xavier e Alex Malacarne, ambos da equipe Specialized Racing BR, terminaram com o tempo de 01 hora 20 minutos e 19 segundos. Xavier ficou com a d\u00e9cima posi\u00e7\u00e3o. J\u00e1 Ulan Galinski ficou com a 12\u00aa posi\u00e7\u00e3o, um segundo atr\u00e1s dos dois. O vencedor da disputa foi o franc\u00eas Victor Koretzky. Ele finalizou a prova com o tempo de 01 hora 19 minutos e 32 segundos.<\/p>\n\n\n\n<p><strong>Segunda etapa<\/strong><\/p>\n\n\n\n<p>Arax\u00e1 est\u00e1 recebendo as duas primeiras etapas da Copa do Mundo de Mountain Bike da temporada 2025. No s\u00e1bado foram realizadas as provas de Short Track (XCC) e nesse domingo a do Cross Country Ol\u00edmpico (XCO).<\/p>\n\n\n\n<p>Agora a competi\u00e7\u00e3o ter\u00e1 uma pausa de dois dias, quando os circuitos ter\u00e3o altera\u00e7\u00f5es, e na quarta-feira (09) a competi\u00e7\u00e3o retornar\u00e1 com a abertura das pistas para treino. Na sexta-feira (11) a disputa ser\u00e1 do Short Track e no s\u00e1bado do XCO.<\/p>\n\n\n\n<p><strong>Competir em casa<\/strong><\/p>\n\n\n\n<p>Nesta \u00faltima semana, o atleta baiano j\u00e1 havia comentado sobre competir no Brasil, Ulan acredita que o calor do torcedor brasileiro \u00e9 diferente. E competir &#8220;em casa&#8221; \u00e9 algo que d\u00e1 uma energia extra para esse ciclista que recebe carinho por onde passa no territ\u00f3rio nacional.<\/p>\n\n\n\n<p>&#8220;Sou muito grato por toda a energia e torcida que eu recebo do povo brasileiro. J\u00e1 pude sentir um pouco de toda essa energia, de toda essa emo\u00e7\u00e3o na semana passada, na Copa Internacional, aqui em Arax\u00e1. Me recordo muito bem de como foram especiais tamb\u00e9m as duas etapas da Copas do Mundo no ano passado (etapas em Mairipor\u00e3-SP e Arax\u00e1-MG). Eu realmente me sinto muito privilegiado em poder representar o meu pa\u00eds, esse sempre foi um grande sonho de crian\u00e7a e eu assumo essa miss\u00e3o com o cora\u00e7\u00e3o aberto. Vou entregar esse mesmo cora\u00e7\u00e3o para representar todo o povo brasileiro da melhor forma&#8221;, finaliza o ciclista da Equipe Caloi Henrique Avancini Racing.<\/p>\n","protected":false},"excerpt":{"rendered":"<p>Por Gabriel Rattes Esse domingo foi m\u00e1gico para o ciclismo brasileiro. O Pa\u00eds pela primeira<\/p>\n","protected":false},"author":2,"featured_media":102202,"comment_status":"open","ping_status":"open","sticky":false,"template":"","format":"standard","meta":{"footnotes":""},"categories":[12],"tags":[],"class_list":["post-102201","post","type-post","status-publish","format-standard","has-post-thumbnail","hentry","category-cidade"],"_links":{"self":[{"href":"https:\/\/tvc16.com\/portal\/wp-json\/wp\/v2\/posts\/102201","targetHints":{"allow":["GET"]}}],"collection":[{"href":"https:\/\/tvc16.com\/portal\/wp-json\/wp\/v2\/posts"}],"about":[{"href":"https:\/\/tvc16.com\/portal\/wp-json\/wp\/v2\/types\/post"}],"author":[{"embeddable":true,"href":"https:\/\/tvc16.com\/portal\/wp-json\/wp\/v2\/users\/2"}],"replies":[{"embeddable":true,"href":"https:\/\/tvc16.com\/portal\/wp-json\/wp\/v2\/comments?post=102201"}],"version-history":[{"count":1,"href":"https:\/\/tvc16.com\/portal\/wp-json\/wp\/v2\/posts\/102201\/revisions"}],"predecessor-version":[{"id":102203,"href":"https:\/\/tvc16.com\/portal\/wp-json\/wp\/v2\/posts\/102201\/revisions\/102203"}],"wp:featuredmedia":[{"embeddable":true,"href":"https:\/\/tvc16.com\/portal\/wp-json\/wp\/v2\/media\/102202"}],"wp:attachment":[{"href":"https:\/\/tvc16.com\/portal\/wp-json\/wp\/v2\/media?parent=102201"}],"wp:term":[{"taxonomy":"category","embeddable":true,"href":"https:\/\/tvc16.com\/portal\/wp-json\/wp\/v2\/categories?post=102201"},{"taxonomy":"post_tag","embeddable":true,"href":"https:\/\/tvc16.com\/portal\/wp-json\/wp\/v2\/tags?post=102201"}],"curies":[{"name":"wp","href":"https:\/\/api.w.org\/{rel}","templated":true}]}}