{"id":102204,"date":"2025-04-09T05:00:00","date_gmt":"2025-04-09T08:00:00","guid":{"rendered":"https:\/\/tvc16.com\/portal\/?p=102204"},"modified":"2025-04-08T08:45:49","modified_gmt":"2025-04-08T11:45:49","slug":"estacao-jaqueira-abre-as-portas-da-sala-de-leitura-para-curso-de-ballet-infantil-e-juvenil","status":"publish","type":"post","link":"https:\/\/tvc16.com\/portal\/2025\/04\/09\/estacao-jaqueira-abre-as-portas-da-sala-de-leitura-para-curso-de-ballet-infantil-e-juvenil\/","title":{"rendered":"Esta\u00e7\u00e3o Jaqueira abre as portas da Sala de Leitura para curso de ballet infantil e juvenil"},"content":{"rendered":"\n<p>A Esta\u00e7\u00e3o Jaqueira, espa\u00e7o cultural e educativo no Vale do Cuiab\u00e1, em Petr\u00f3polis, abre suas portas, a partir deste m\u00eas, para o curso de ballet cl\u00e1ssico ministrado pela bailarina Rosamarina Quadros. Com 8 anos de experi\u00eancia no ensino de ballet e forma\u00e7\u00e3o na metodologia russa, Rosamarina traz ao p\u00fablico da regi\u00e3o uma abordagem que explora aspectos como a musicalidade e expressividade. \u201cPara mim, o ballet \u00e9 uma arte que traz beleza; \u00e9 apraz\u00edvel, al\u00e9m de proporcionar disciplina e foco de forma l\u00fadica, especialmente a partir de hist\u00f3rias\u201d, comenta a bailarina.<\/p>\n\n\n\n<p>O curso \u00e9 destinado a crian\u00e7as a partir de 4 e adolescentes at\u00e9 16 anos, e as aulas acontecem sempre \u00e0s segundas-feiras na Sala de Leitura da Esta\u00e7\u00e3o Jaqueira. Em 2024, o espa\u00e7o foi cen\u00e1rio da performance &#8220;Ser Estar&#8221;, da bailarina Fernanda Reis, durante o encerramento da exposi\u00e7\u00e3o \u201cSob as Jaqueiras\u201d. Atualmente tamb\u00e9m recebe as Rodas de Terapia Comunit\u00e1ria, facilitadas por Fernanda de Almeida, e as din\u00e2micas do Grupo de Nutri\u00e7\u00e3o e Sa\u00fade, coordenadas pela nutricionista Priscila Marques, ambas abertas ao p\u00fablico.<\/p>\n\n\n\n<p>\u201cComo quase tudo na Jaqueira, o surpreendente \u00e9 a ades\u00e3o das pessoas do Vale do Cuiab\u00e1 \u00e0s atividades, que s\u00e3o iniciadas quase que por uma conflu\u00eancia de fatores: a qualidade do espa\u00e7o, regenerado da trag\u00e9dia de 2011, e os movimentos carinhosos de moradores da regi\u00e3o para oferecer, de um lado, e receber, de outro\u201d, ressalta Nietta Monte, idealizadora do espa\u00e7o cultural e educativo.<\/p>\n\n\n\n<p>As turmas do curso de ballet est\u00e3o divididas por faixa et\u00e1ria, sendo oferecidas nos seguintes hor\u00e1rios:<\/p>\n\n\n\n<p>De 4 a 9 anos: das 16h50 \u00e0s 17h50;<\/p>\n\n\n\n<p>De 10 a 16 anos: das 17h50 \u00e0s 18h50.<\/p>\n\n\n\n<p>As inscri\u00e7\u00f5es est\u00e3o abertas e mais informa\u00e7\u00f5es podem ser obtidas por meio do WhatsApp: (24) 98172-7555. Al\u00e9m disso, o p\u00fablico tamb\u00e9m pode acompanhar as novidades no perfil da Esta\u00e7\u00e3o Jaqueira no Instagram: @estacaojaqueira2020.<\/p>\n\n\n\n<p>Servi\u00e7o &#8211; Curso de Ballet na Esta\u00e7\u00e3o Jaqueira<br>Turmas: De 4 a 9 anos: 16h50 \u00e0s 17h50;<br>De 10 a 16 anos: 17h50 \u00e0s 18h50<br>Dia: \u00c0s segundas-feiras<br>Local: Esta\u00e7\u00e3o Jaqueira \u2013 Estrada Ministro Salgado Filho, 2781, Vale do Cuiab\u00e1, Petr\u00f3polis<br>Inscri\u00e7\u00f5es: WhatsApp (24) 98172-7555<br>Mais informa\u00e7\u00f5es: @estacaojaqueira2020<\/p>\n","protected":false},"excerpt":{"rendered":"<p>A Esta\u00e7\u00e3o Jaqueira, espa\u00e7o cultural e educativo no Vale do Cuiab\u00e1, em Petr\u00f3polis, abre suas<\/p>\n","protected":false},"author":2,"featured_media":102205,"comment_status":"open","ping_status":"open","sticky":false,"template":"","format":"standard","meta":{"footnotes":""},"categories":[12],"tags":[],"class_list":["post-102204","post","type-post","status-publish","format-standard","has-post-thumbnail","hentry","category-cidade"],"_links":{"self":[{"href":"https:\/\/tvc16.com\/portal\/wp-json\/wp\/v2\/posts\/102204","targetHints":{"allow":["GET"]}}],"collection":[{"href":"https:\/\/tvc16.com\/portal\/wp-json\/wp\/v2\/posts"}],"about":[{"href":"https:\/\/tvc16.com\/portal\/wp-json\/wp\/v2\/types\/post"}],"author":[{"embeddable":true,"href":"https:\/\/tvc16.com\/portal\/wp-json\/wp\/v2\/users\/2"}],"replies":[{"embeddable":true,"href":"https:\/\/tvc16.com\/portal\/wp-json\/wp\/v2\/comments?post=102204"}],"version-history":[{"count":1,"href":"https:\/\/tvc16.com\/portal\/wp-json\/wp\/v2\/posts\/102204\/revisions"}],"predecessor-version":[{"id":102206,"href":"https:\/\/tvc16.com\/portal\/wp-json\/wp\/v2\/posts\/102204\/revisions\/102206"}],"wp:featuredmedia":[{"embeddable":true,"href":"https:\/\/tvc16.com\/portal\/wp-json\/wp\/v2\/media\/102205"}],"wp:attachment":[{"href":"https:\/\/tvc16.com\/portal\/wp-json\/wp\/v2\/media?parent=102204"}],"wp:term":[{"taxonomy":"category","embeddable":true,"href":"https:\/\/tvc16.com\/portal\/wp-json\/wp\/v2\/categories?post=102204"},{"taxonomy":"post_tag","embeddable":true,"href":"https:\/\/tvc16.com\/portal\/wp-json\/wp\/v2\/tags?post=102204"}],"curies":[{"name":"wp","href":"https:\/\/api.w.org\/{rel}","templated":true}]}}