{"id":102214,"date":"2025-04-08T08:55:03","date_gmt":"2025-04-08T11:55:03","guid":{"rendered":"https:\/\/tvc16.com\/portal\/?p=102214"},"modified":"2025-04-08T08:55:04","modified_gmt":"2025-04-08T11:55:04","slug":"defesa-civil-acompanha-tecnicos-da-secretaria-nacional-de-defesa-civil-durante-vistoria-em-petropolis-2","status":"publish","type":"post","link":"https:\/\/tvc16.com\/portal\/2025\/04\/08\/defesa-civil-acompanha-tecnicos-da-secretaria-nacional-de-defesa-civil-durante-vistoria-em-petropolis-2\/","title":{"rendered":"Defesa Civil acompanha t\u00e9cnicos da Secretaria Nacional de Defesa Civil durante vistoria em Petr\u00f3polis"},"content":{"rendered":"\n<p><em>Prefeitura inicia planejamento para obras de recupera\u00e7\u00e3o dos locais atingidos pela chuva do fim de semana<\/em><\/p>\n\n\n\n<p>T\u00e9cnicos da Defesa Civil e da Secretaria Nacional de Defesa Civil realizaram nesta segunda-feira (07\/04) vistorias nas principais regi\u00f5es atingidas pelas chuvas do fim de semana. A vista acontece ap\u00f3s o reconhecimento do Governo Federal da situa\u00e7\u00e3o de emerg\u00eancia decretada pela Prefeitura no s\u00e1bado (05\/04).<\/p>\n\n\n\n<p>&#8220;As primeiras a\u00e7\u00f5es foram o atendimento \u00e0s fam\u00edlias, depois a limpeza e desobstru\u00e7\u00e3o das vias atingidas pelas chuvas para restabelecimento da normalidade da cidade. Agora iniciamos a etapa de elabora\u00e7\u00e3o de projetos para a realiza\u00e7\u00e3o das obras e contamos com o apoio do Governo Federal para a realiza\u00e7\u00e3o dessas interven\u00e7\u00f5es&#8221;, disse o prefeito Hingo Hammes.<\/p>\n\n\n\n<p>Tr\u00eas locais j\u00e1 foram definidos para receber obras emergenciais. A Rua Rio Grande do Sul, no Quitandinha, ter\u00e1 recupera\u00e7\u00e3o de pavimento e conten\u00e7\u00e3o. J\u00e1 na Rua Romeu Sutter, no Alto da Serra, ser\u00e1 feita conten\u00e7\u00e3o e drenagem em mais um trecho \u2013 esse local j\u00e1 havia recebido obra em outro ponto, que n\u00e3o foi afetado por essa chuva. A Servid\u00e3o Inoc\u00eancio Crivellaro, que fica na Olavo Bilac (Castel\u00e2nea) tamb\u00e9m vai ter uma obra de conten\u00e7\u00e3o e drenagem.<\/p>\n\n\n\n<p>A Secretaria de Obras tamb\u00e9m vai acelerar as obras no Morro da Oficina. Por l\u00e1, os servi\u00e7os est\u00e3o em andamento e objetivo \u00e9 concluir duas \u00e1reas \u2013 entre as ruas Professora Herc\u00edlia Moret e Frei Le\u00e3o e do in\u00edcio da Rua Frei Le\u00e3o at\u00e9 a Rua Oswero Vila\u00e7a \u2013 ainda neste semestre. Ambas contemplam solu\u00e7\u00f5es de conten\u00e7\u00e3o de encostas e drenagem.<\/p>\n","protected":false},"excerpt":{"rendered":"<p>Prefeitura inicia planejamento para obras de recupera\u00e7\u00e3o dos locais atingidos pela chuva do fim de<\/p>\n","protected":false},"author":2,"featured_media":102215,"comment_status":"open","ping_status":"open","sticky":false,"template":"","format":"standard","meta":{"footnotes":""},"categories":[12],"tags":[],"class_list":["post-102214","post","type-post","status-publish","format-standard","has-post-thumbnail","hentry","category-cidade"],"_links":{"self":[{"href":"https:\/\/tvc16.com\/portal\/wp-json\/wp\/v2\/posts\/102214","targetHints":{"allow":["GET"]}}],"collection":[{"href":"https:\/\/tvc16.com\/portal\/wp-json\/wp\/v2\/posts"}],"about":[{"href":"https:\/\/tvc16.com\/portal\/wp-json\/wp\/v2\/types\/post"}],"author":[{"embeddable":true,"href":"https:\/\/tvc16.com\/portal\/wp-json\/wp\/v2\/users\/2"}],"replies":[{"embeddable":true,"href":"https:\/\/tvc16.com\/portal\/wp-json\/wp\/v2\/comments?post=102214"}],"version-history":[{"count":1,"href":"https:\/\/tvc16.com\/portal\/wp-json\/wp\/v2\/posts\/102214\/revisions"}],"predecessor-version":[{"id":102216,"href":"https:\/\/tvc16.com\/portal\/wp-json\/wp\/v2\/posts\/102214\/revisions\/102216"}],"wp:featuredmedia":[{"embeddable":true,"href":"https:\/\/tvc16.com\/portal\/wp-json\/wp\/v2\/media\/102215"}],"wp:attachment":[{"href":"https:\/\/tvc16.com\/portal\/wp-json\/wp\/v2\/media?parent=102214"}],"wp:term":[{"taxonomy":"category","embeddable":true,"href":"https:\/\/tvc16.com\/portal\/wp-json\/wp\/v2\/categories?post=102214"},{"taxonomy":"post_tag","embeddable":true,"href":"https:\/\/tvc16.com\/portal\/wp-json\/wp\/v2\/tags?post=102214"}],"curies":[{"name":"wp","href":"https:\/\/api.w.org\/{rel}","templated":true}]}}