{"id":102217,"date":"2025-04-09T04:50:00","date_gmt":"2025-04-09T07:50:00","guid":{"rendered":"https:\/\/tvc16.com\/portal\/?p=102217"},"modified":"2025-04-08T09:11:34","modified_gmt":"2025-04-08T12:11:34","slug":"velhota-cambalhota-conta-a-historia-do-coelhinho-da-pascoa-neste-sabado-em-itaipava","status":"publish","type":"post","link":"https:\/\/tvc16.com\/portal\/2025\/04\/09\/velhota-cambalhota-conta-a-historia-do-coelhinho-da-pascoa-neste-sabado-em-itaipava\/","title":{"rendered":"Velhota Cambalhota conta a hist\u00f3ria do Coelhinho da P\u00e1scoa, neste s\u00e1bado, em Itaipava"},"content":{"rendered":"\n<p><em>Hist\u00f3ria divertida e oficina de dedoches prometem encantar o p\u00fablico no Shopping Vilarejo<\/em><\/p>\n\n\n\n<p>Era uma vez uma velhota que adorava contar hist\u00f3rias, fazer cambalhotas e arrancar sorrisos por onde passava. Neste s\u00e1bado (12), \u00e0s 16h, essa personagem encantadora, conhecida como Velhota Cambalhota, chega ao Shopping Vilarejo para uma tarde cheia de divers\u00e3o e imagina\u00e7\u00e3o. O evento \u00e9 gratuito e inclui, al\u00e9m da conta\u00e7\u00e3o de hist\u00f3rias, uma oficina especial de dedoches de P\u00e1scoa para as crian\u00e7as.<\/p>\n\n\n\n<p>Inspirada na personagem criada pela escritora Sylvia Orthof e interpretada h\u00e1 mais de 18 anos pela atriz e contadora de hist\u00f3rias Rosemeri de Assis, a Velhota Cambalhota quebra a quarta parede para se conectar diretamente com seu p\u00fablico. Com humor e simpatia, ela conquista crian\u00e7as, adultos e at\u00e9 idosos, convidando a todos para embarcarem em suas hist\u00f3rias. Nesta apresenta\u00e7\u00e3o especial, a Velhota n\u00e3o estar\u00e1 sozinha: ao seu lado, um coelhinho fantoche ajudar\u00e1 a contar a hist\u00f3ria do Coelhinho da P\u00e1scoa.<\/p>\n\n\n\n<p>\u201cA Velhota Cambalhota \u00e9 uma personagem que me acompanha h\u00e1 muitos anos e que me permite brincar e improvisar com o p\u00fablico. Ela tem um jeito irreverente, simples e encantador, que cativa desde os pequenos at\u00e9 os mais velhos. Dessa vez, ela traz um convidado especial, um coelhinho, para compartilhar a magia da P\u00e1scoa de um jeito l\u00fadico e divertido\u201d, comenta Rosemeri de Assis.<\/p>\n\n\n\n<p>Ap\u00f3s a hist\u00f3ria, a divers\u00e3o continua com a oficina de dedoches, onde as crian\u00e7as poder\u00e3o soltar a imagina\u00e7\u00e3o e criar seus pr\u00f3prios personagens em forma de coelhos. A atividade estimula a criatividade, a coordena\u00e7\u00e3o motora e o gosto por inventar e contar hist\u00f3rias. Com tecidos, bot\u00f5es, linhas, feltro, canetinhas e outros materiais, cada crian\u00e7a poder\u00e1 confeccionar seu pr\u00f3prio dedoche exclusivo, mergulhando no universo das cores e formas.<\/p>\n\n\n\n<p>\u201cAcreditamos que eventos como esse fortalecem o v\u00ednculo das fam\u00edlias e incentivam o h\u00e1bito da conta\u00e7\u00e3o de hist\u00f3rias, essencial para o desenvolvimento infantil. Al\u00e9m de ser um momento l\u00fadico, a oficina de dedoches permite que as crian\u00e7as se expressem artisticamente e levem um pedacinho dessa experi\u00eancia para casa\u201d, destaca Tiago Corr\u00eaa, administrador do Shopping Vilarejo.<\/p>\n\n\n\n<p>A conta\u00e7\u00e3o de hist\u00f3rias com Velhota Cambalhota e a oficina de dedoches acontecem na Pra\u00e7a do Sol, no Shopping Vilarejo, e s\u00e3o abertas ao p\u00fablico. Para participar, basta chegar e aproveitar essa tarde cheia de fantasia e criatividade.<\/p>\n\n\n\n<p><strong>Servi\u00e7o: P\u00e1scoa no Vilarejo<\/strong>&nbsp;<img decoding=\"async\" alt=\"\ud83d\udc30\" src=\"https:\/\/fonts.gstatic.com\/s\/e\/notoemoji\/16.0\/1f430\/32.png\"><img decoding=\"async\" alt=\"\ud83c\udf6b\" src=\"https:\/\/fonts.gstatic.com\/s\/e\/notoemoji\/16.0\/1f36b\/32.png\"><\/p>\n\n\n\n<p><strong>Conta\u00e7\u00e3o de Hist\u00f3ria com Velhota Cambalhota + Oficina de dedoche de p\u00e1scoa<\/strong>&nbsp;<strong><\/strong><strong><\/strong><\/p>\n\n\n\n<p><img decoding=\"async\" alt=\"\ud83d\udcc5\" src=\"https:\/\/fonts.gstatic.com\/s\/e\/notoemoji\/16.0\/1f4c5\/32.png\">&nbsp;<strong>Data<\/strong>: 12\/04<\/p>\n\n\n\n<p><img decoding=\"async\" alt=\"\ud83d\udd52\" src=\"https:\/\/fonts.gstatic.com\/s\/e\/notoemoji\/16.0\/1f552\/32.png\"><strong>&nbsp;Hor\u00e1rio:&nbsp;<\/strong>16h<\/p>\n\n\n\n<p><img decoding=\"async\" alt=\"\ud83c\udf9f\" src=\"https:\/\/fonts.gstatic.com\/s\/e\/notoemoji\/16.0\/1f39f\/32.png\">&nbsp;<strong>Entrada<\/strong>: Gratuita<\/p>\n\n\n\n<p><strong>Servi\u00e7o: Colorindo ovos para a P\u00e1scoa<\/strong>&nbsp;<img decoding=\"async\" alt=\"\ud83d\udc30\" src=\"https:\/\/fonts.gstatic.com\/s\/e\/notoemoji\/16.0\/1f430\/32.png\"><img decoding=\"async\" alt=\"\ud83c\udf6b\" src=\"https:\/\/fonts.gstatic.com\/s\/e\/notoemoji\/16.0\/1f36b\/32.png\"><strong><\/strong><\/p>\n\n\n\n<p><img decoding=\"async\" alt=\"\ud83d\udcc5\" src=\"https:\/\/fonts.gstatic.com\/s\/e\/notoemoji\/16.0\/1f4c5\/32.png\">&nbsp;<strong>Data<\/strong>: 18 de abril<\/p>\n\n\n\n<p><img decoding=\"async\" alt=\"\ud83d\udd52\" src=\"https:\/\/fonts.gstatic.com\/s\/e\/notoemoji\/16.0\/1f552\/32.png\"><strong>&nbsp;Hor\u00e1rio:&nbsp;<\/strong>15h<\/p>\n\n\n\n<p><img decoding=\"async\" alt=\"\ud83c\udf9f\" src=\"https:\/\/fonts.gstatic.com\/s\/e\/notoemoji\/16.0\/1f39f\/32.png\">&nbsp;<strong>Entrada<\/strong>: Gratuita<\/p>\n\n\n\n<p><strong>Exposi\u00e7\u00e3o de Coelhos Rancho Quindins&nbsp;<\/strong><strong><\/strong><\/p>\n\n\n\n<p><img decoding=\"async\" alt=\"\ud83d\udcc5\" src=\"https:\/\/fonts.gstatic.com\/s\/e\/notoemoji\/16.0\/1f4c5\/32.png\">&nbsp;<strong>Data<\/strong>: 18, 19 e 20\/04<\/p>\n\n\n\n<p><img decoding=\"async\" alt=\"\ud83c\udf9f\" src=\"https:\/\/fonts.gstatic.com\/s\/e\/notoemoji\/16.0\/1f39f\/32.png\">&nbsp;<strong>Entrada<\/strong>: Gratuita<\/p>\n\n\n\n<p><img decoding=\"async\" alt=\"\ud83d\udccd\" src=\"https:\/\/fonts.gstatic.com\/s\/e\/notoemoji\/16.0\/1f4cd\/32.png\">&nbsp;<strong>Local<\/strong>: Pra\u00e7a do Sol &#8211; Shopping Vilarejo: Estrada Uni\u00e3o e Ind\u00fastria, 10.035 \u2013 Itaipava<br><\/p>\n\n\n\n<p><strong>Hor\u00e1rio de funcionamento do shopping:<\/strong><\/p>\n\n\n\n<ul class=\"wp-block-list\">\n<li><strong>Ter\u00e7a-feira<\/strong>: 14h \u00e0s 19h<\/li>\n\n\n\n<li><strong>Quarta a Sexta-feira<\/strong>: 10h \u00e0s 19h<\/li>\n\n\n\n<li><strong>S\u00e1bado<\/strong>: 10h \u00e0s 20h<\/li>\n\n\n\n<li><strong>Domingo<\/strong>: 10h \u00e0s 18h<\/li>\n<\/ul>\n\n\n\n<p><img decoding=\"async\" alt=\"\ud83d\udcf2\" src=\"https:\/\/fonts.gstatic.com\/s\/e\/notoemoji\/16.0\/1f4f2\/32.png\">&nbsp;<strong>Mais informa\u00e7\u00f5es<\/strong>: @shoppingvilarejo no Instagram<\/p>\n","protected":false},"excerpt":{"rendered":"<p>Hist\u00f3ria divertida e oficina de dedoches prometem encantar o p\u00fablico no Shopping Vilarejo Era uma<\/p>\n","protected":false},"author":2,"featured_media":102218,"comment_status":"open","ping_status":"open","sticky":false,"template":"","format":"standard","meta":{"footnotes":""},"categories":[12],"tags":[],"class_list":["post-102217","post","type-post","status-publish","format-standard","has-post-thumbnail","hentry","category-cidade"],"_links":{"self":[{"href":"https:\/\/tvc16.com\/portal\/wp-json\/wp\/v2\/posts\/102217","targetHints":{"allow":["GET"]}}],"collection":[{"href":"https:\/\/tvc16.com\/portal\/wp-json\/wp\/v2\/posts"}],"about":[{"href":"https:\/\/tvc16.com\/portal\/wp-json\/wp\/v2\/types\/post"}],"author":[{"embeddable":true,"href":"https:\/\/tvc16.com\/portal\/wp-json\/wp\/v2\/users\/2"}],"replies":[{"embeddable":true,"href":"https:\/\/tvc16.com\/portal\/wp-json\/wp\/v2\/comments?post=102217"}],"version-history":[{"count":1,"href":"https:\/\/tvc16.com\/portal\/wp-json\/wp\/v2\/posts\/102217\/revisions"}],"predecessor-version":[{"id":102219,"href":"https:\/\/tvc16.com\/portal\/wp-json\/wp\/v2\/posts\/102217\/revisions\/102219"}],"wp:featuredmedia":[{"embeddable":true,"href":"https:\/\/tvc16.com\/portal\/wp-json\/wp\/v2\/media\/102218"}],"wp:attachment":[{"href":"https:\/\/tvc16.com\/portal\/wp-json\/wp\/v2\/media?parent=102217"}],"wp:term":[{"taxonomy":"category","embeddable":true,"href":"https:\/\/tvc16.com\/portal\/wp-json\/wp\/v2\/categories?post=102217"},{"taxonomy":"post_tag","embeddable":true,"href":"https:\/\/tvc16.com\/portal\/wp-json\/wp\/v2\/tags?post=102217"}],"curies":[{"name":"wp","href":"https:\/\/api.w.org\/{rel}","templated":true}]}}