{"id":102220,"date":"2025-04-08T10:14:30","date_gmt":"2025-04-08T13:14:30","guid":{"rendered":"https:\/\/tvc16.com\/portal\/?p=102220"},"modified":"2025-04-08T10:14:32","modified_gmt":"2025-04-08T13:14:32","slug":"governo-quer-contratar-3-milhoes-de-unidades-habitacionais-ate-2026","status":"publish","type":"post","link":"https:\/\/tvc16.com\/portal\/2025\/04\/08\/governo-quer-contratar-3-milhoes-de-unidades-habitacionais-ate-2026\/","title":{"rendered":"Governo quer contratar 3 milh\u00f5es de unidades habitacionais at\u00e9 2026"},"content":{"rendered":"\n<p><em>Ministro das Cidades destaca nova linha do Minha Casa, Minha Vida<\/em><\/p>\n\n\n\n<p>Por Daniella Longuinho &#8211; Rep\u00f3rter da R\u00e1dio Nacional \/ Foto: \u00a9 Fabio Rodrigues-Pozzebom\/ Ag\u00eancia Brasil<\/p>\n\n\n\n<p><\/p>\n\n\n\n<p>A nova linha do programa Minha Casa, Minha Vida&nbsp;para quem ganha entre R$ 8 mil e R$ 12 mil&nbsp;foi destaque da entrevista do ministro das Cidades, Jader Filho, ao programa&nbsp;<em>A Voz do Brasil<\/em>&nbsp;nessa&nbsp;segunda-feira (7). Ele disse que a meta do governo federal \u00e9 alcan\u00e7ar 3&nbsp;milh\u00f5es de novas unidades habitacionais contratadas at\u00e9 2026.<img decoding=\"async\" src=\"https:\/\/agenciabrasil.ebc.com.br\/ebc.png?id=1637871&amp;o=node\"><img decoding=\"async\" src=\"https:\/\/agenciabrasil.ebc.com.br\/ebc.gif?id=1637871&amp;o=node\"><\/p>\n\n\n\n<p><strong>A amplia\u00e7\u00e3o do programa para atender a fam\u00edlias da classe m\u00e9dia prev\u00ea a possibilidade de financiamento de im\u00f3veis novos ou usados de at\u00e9 R$ 500 mil, em at\u00e9 420 parcelas, com taxa de juros de 10,5 % ao ano.<\/strong><\/p>\n\n\n\n<p>Jader Filho explicou que, normalmente, quem financiava os im\u00f3veis para essa faixa de rendimento, era a poupan\u00e7a, mas esse tipo de investimento perdeu espa\u00e7o para outras aplica\u00e7\u00f5es, o que levou o governo a usar recursos do Fundo Social para estimular os novos financiamentos pelo Minha Casa, Minha Vida.<\/p>\n\n\n\n<blockquote class=\"wp-block-quote is-layout-flow wp-block-quote-is-layout-flow\">\n<p>\u201cA gente tem visto muito dinheiro sair da poupan\u00e7a para outros tipos de aplica\u00e7\u00e3o. Com isso, est\u00e1 faltando dinheiro para financiar a habita\u00e7\u00e3o no Brasil por parte da poupan\u00e7a. Ent\u00e3o, o governo federal colocou esse recurso que vem do Fundo Social, que vem l\u00e1 do pr\u00e9-sal, com uma parte tamb\u00e9m da poupan\u00e7a, mais da&nbsp;LCI [Letra do Cr\u00e9dito Imobili\u00e1rio], e estamos&nbsp;conseguindo R$ 30 bilh\u00f5es para financiar as fam\u00edlias de R$ 8 mil at\u00e9 R$ 12 mil. Ent\u00e3o, acreditamos&nbsp;que, neste ano, vamos&nbsp;financiar 120 mil fam\u00edlias para realizar o sonho da casa pr\u00f3pria\u201d.<\/p>\n<\/blockquote>\n\n\n\n<p>Jader Filho ressaltou que a maioria dos financiamentos do Minha Casa, Minha Vida&nbsp;tem atendido as fam\u00edlias de rendas mais baixas, ou seja, aquelas que antes n\u00e3o conseguiam acesso ao financiamento imobili\u00e1rio.<\/p>\n\n\n\n<blockquote class=\"wp-block-quote is-layout-flow wp-block-quote-is-layout-flow\">\n<p>\u201cHoje, a maioria dos financiamentos que temos feito do Minha Casa, Minha Vida&nbsp;tem sido para a Faixa 1, at\u00e9 R$ 2,8 mil. Com isso, o que est\u00e1 se alcan\u00e7ando com todas essas altera\u00e7\u00f5es? Aumentamos&nbsp;o subs\u00eddio, que passou para R$ 55 mil. Reduzimos&nbsp;a taxa de juros, \u00e9 a menor da hist\u00f3ria de todos os programas habitacionais do Brasil. Com isso, estamos&nbsp;conseguindo fazer justi\u00e7a social\u201d.<\/p>\n<\/blockquote>\n\n\n\n<p><strong>A Faixa 1 do programa atende fam\u00edlias com renda mensal de at\u00e9 R$ 2,8 mil; a Faixa 2, fam\u00edlias entre R$ 2,8 mil e R$ 4,7 mil; a 3 \u00e9 para aqueles que t\u00eam&nbsp;renda familiar entre R$ 4,8 mil e R$ 8 mil; e a Faixa 4, para os&nbsp;de R$ 8 mil a R$ 12 mil.<\/strong><br><\/p>\n","protected":false},"excerpt":{"rendered":"<p>Ministro das Cidades destaca nova linha do Minha Casa, Minha Vida Por Daniella Longuinho &#8211;<\/p>\n","protected":false},"author":2,"featured_media":102221,"comment_status":"open","ping_status":"open","sticky":false,"template":"","format":"standard","meta":{"footnotes":""},"categories":[17],"tags":[],"class_list":["post-102220","post","type-post","status-publish","format-standard","has-post-thumbnail","hentry","category-outras-noticias"],"_links":{"self":[{"href":"https:\/\/tvc16.com\/portal\/wp-json\/wp\/v2\/posts\/102220","targetHints":{"allow":["GET"]}}],"collection":[{"href":"https:\/\/tvc16.com\/portal\/wp-json\/wp\/v2\/posts"}],"about":[{"href":"https:\/\/tvc16.com\/portal\/wp-json\/wp\/v2\/types\/post"}],"author":[{"embeddable":true,"href":"https:\/\/tvc16.com\/portal\/wp-json\/wp\/v2\/users\/2"}],"replies":[{"embeddable":true,"href":"https:\/\/tvc16.com\/portal\/wp-json\/wp\/v2\/comments?post=102220"}],"version-history":[{"count":1,"href":"https:\/\/tvc16.com\/portal\/wp-json\/wp\/v2\/posts\/102220\/revisions"}],"predecessor-version":[{"id":102222,"href":"https:\/\/tvc16.com\/portal\/wp-json\/wp\/v2\/posts\/102220\/revisions\/102222"}],"wp:featuredmedia":[{"embeddable":true,"href":"https:\/\/tvc16.com\/portal\/wp-json\/wp\/v2\/media\/102221"}],"wp:attachment":[{"href":"https:\/\/tvc16.com\/portal\/wp-json\/wp\/v2\/media?parent=102220"}],"wp:term":[{"taxonomy":"category","embeddable":true,"href":"https:\/\/tvc16.com\/portal\/wp-json\/wp\/v2\/categories?post=102220"},{"taxonomy":"post_tag","embeddable":true,"href":"https:\/\/tvc16.com\/portal\/wp-json\/wp\/v2\/tags?post=102220"}],"curies":[{"name":"wp","href":"https:\/\/api.w.org\/{rel}","templated":true}]}}