{"id":102223,"date":"2025-04-08T10:34:52","date_gmt":"2025-04-08T13:34:52","guid":{"rendered":"https:\/\/tvc16.com\/portal\/?p=102223"},"modified":"2025-04-08T10:35:00","modified_gmt":"2025-04-08T13:35:00","slug":"receita-recebe-mais-de-9-milhoes-de-declaracoes-do-imposto-de-renda","status":"publish","type":"post","link":"https:\/\/tvc16.com\/portal\/2025\/04\/08\/receita-recebe-mais-de-9-milhoes-de-declaracoes-do-imposto-de-renda\/","title":{"rendered":"Receita recebe mais de 9 milh\u00f5es de declara\u00e7\u00f5es do Imposto de Renda"},"content":{"rendered":"\n<p><em>Prazo para entrega termina \u00e0s 23h59min59s de 30 de maio<\/em><\/p>\n\n\n\n<p>Por Welton M\u00e1ximo \u2013 Rep\u00f3rter da Ag\u00eancia Brasil \/ Foto: Jo\u00e9dson Alves\/Ag\u00eancia\u00a0Brasil<br><\/p>\n\n\n\n<p><strong>Em tr\u00eas semanas de entrega, a Receita Federal recebeu 9.399.106&nbsp;declara\u00e7\u00f5es do Imposto de Renda da Pessoa F\u00edsica (IRPF) de 2025. O n\u00famero, registrado at\u00e9 as 17h desta segunda-feira (17), equivale a 20,34% do total esperado para este ano.<\/strong><img decoding=\"async\" src=\"https:\/\/agenciabrasil.ebc.com.br\/ebc.png?id=1637838&amp;o=node\"><img decoding=\"async\" src=\"https:\/\/agenciabrasil.ebc.com.br\/ebc.gif?id=1637838&amp;o=node\"><\/p>\n\n\n\n<p><a href=\"https:\/\/agenciabrasil.ebc.com.br\/economia\/noticia\/2025-03\/declaracao-pre-preenchida-completa-do-ir-esta-disponivel\" target=\"_blank\" rel=\"noreferrer noopener\">Desde o dia 1\u00ba, quando a declara\u00e7\u00e3o pr\u00e9-preenchida passou a ser baixada com todos os dados dispon\u00edveis<\/a>, 4.028.967&nbsp;contribuintes enviaram o documento. O abastecimento dos dados da declara\u00e7\u00e3o pr\u00e9-preenchida atrasou neste ano por causa da greve dos auditores fiscais da Receita.<\/p>\n\n\n\n<p><strong>O prazo para entregar a declara\u00e7\u00e3o come\u00e7ou em 17 de mar\u00e7o e termina \u00e0s 23h59 do dia de 30 de maio.&nbsp;<\/strong><a href=\"https:\/\/www.gov.br\/receitafederal\/pt-br\" target=\"_blank\" rel=\"noreferrer noopener\">O programa gerador da declara\u00e7\u00e3o&nbsp;<\/a>est\u00e1 dispon\u00edvel desde 13 de mar\u00e7o.<\/p>\n\n\n\n<p><strong>A Receita Federal espera receber 46,2 milh\u00f5es de declara\u00e7\u00f5es do Imposto de Renda da Pessoa F\u00edsica este ano, o que representar\u00e1 um acr\u00e9scimo de quase 7%, na compara\u00e7\u00e3o com 2024, quando foram entregues 43,2 milh\u00f5es de declara\u00e7\u00f5es.<\/strong><\/p>\n\n\n\n<p><strong>S\u00e3o obrigadas a declarar as pessoas f\u00edsicas que receberam rendimentos tribut\u00e1veis acima de R$ 33.888, assim como aquelas que obtiveram receita bruta da atividade rural acima de R$ 169.440.<\/strong>&nbsp;<strong>As pessoas que receberam at\u00e9 dois sal\u00e1rios m\u00ednimos mensais durante 2024 est\u00e3o dispensadas de fazer a declara\u00e7\u00e3o<\/strong>, salvo se se enquadrarem em outro crit\u00e9rio de obrigatoriedade.<\/p>\n","protected":false},"excerpt":{"rendered":"<p>Prazo para entrega termina \u00e0s 23h59min59s de 30 de maio Por Welton M\u00e1ximo \u2013 Rep\u00f3rter<\/p>\n","protected":false},"author":2,"featured_media":102224,"comment_status":"open","ping_status":"open","sticky":false,"template":"","format":"standard","meta":{"footnotes":""},"categories":[17],"tags":[],"class_list":["post-102223","post","type-post","status-publish","format-standard","has-post-thumbnail","hentry","category-outras-noticias"],"_links":{"self":[{"href":"https:\/\/tvc16.com\/portal\/wp-json\/wp\/v2\/posts\/102223","targetHints":{"allow":["GET"]}}],"collection":[{"href":"https:\/\/tvc16.com\/portal\/wp-json\/wp\/v2\/posts"}],"about":[{"href":"https:\/\/tvc16.com\/portal\/wp-json\/wp\/v2\/types\/post"}],"author":[{"embeddable":true,"href":"https:\/\/tvc16.com\/portal\/wp-json\/wp\/v2\/users\/2"}],"replies":[{"embeddable":true,"href":"https:\/\/tvc16.com\/portal\/wp-json\/wp\/v2\/comments?post=102223"}],"version-history":[{"count":1,"href":"https:\/\/tvc16.com\/portal\/wp-json\/wp\/v2\/posts\/102223\/revisions"}],"predecessor-version":[{"id":102225,"href":"https:\/\/tvc16.com\/portal\/wp-json\/wp\/v2\/posts\/102223\/revisions\/102225"}],"wp:featuredmedia":[{"embeddable":true,"href":"https:\/\/tvc16.com\/portal\/wp-json\/wp\/v2\/media\/102224"}],"wp:attachment":[{"href":"https:\/\/tvc16.com\/portal\/wp-json\/wp\/v2\/media?parent=102223"}],"wp:term":[{"taxonomy":"category","embeddable":true,"href":"https:\/\/tvc16.com\/portal\/wp-json\/wp\/v2\/categories?post=102223"},{"taxonomy":"post_tag","embeddable":true,"href":"https:\/\/tvc16.com\/portal\/wp-json\/wp\/v2\/tags?post=102223"}],"curies":[{"name":"wp","href":"https:\/\/api.w.org\/{rel}","templated":true}]}}