{"id":10223,"date":"2021-02-10T22:42:32","date_gmt":"2021-02-11T01:42:32","guid":{"rendered":"https:\/\/tvc16.com\/portal\/?p=10223"},"modified":"2021-02-10T22:42:34","modified_gmt":"2021-02-11T01:42:34","slug":"comissao-de-educacao-assistencia-social-e-direitos-humanos-da-camara-municipal-de-petropolis-pede-celeridade-para-questoes-prioritarias-da-educacao-durante-a-pandemia","status":"publish","type":"post","link":"https:\/\/tvc16.com\/portal\/2021\/02\/10\/comissao-de-educacao-assistencia-social-e-direitos-humanos-da-camara-municipal-de-petropolis-pede-celeridade-para-questoes-prioritarias-da-educacao-durante-a-pandemia\/","title":{"rendered":"Comiss\u00e3o de Educa\u00e7\u00e3o, Assist\u00eancia Social e Direitos Humanos da C\u00e2mara Municipal de Petr\u00f3polis, pede celeridade para quest\u00f5es priorit\u00e1rias da Educa\u00e7\u00e3o durante a pandemia"},"content":{"rendered":"\n<p>A Comiss\u00e3o de Educa\u00e7\u00e3o, Assist\u00eancia Social e Direitos Humanos (CEADH) da C\u00e2mara Municipal de Petr\u00f3polis realizou sua segunda reuni\u00e3o na tarde desta quarta (10), com o objetivo de discutir o plano de trabalho para os pr\u00f3ximos meses. No encontro, ficou definido tamb\u00e9m a realiza\u00e7\u00e3o de uma audi\u00eancia p\u00fablica no in\u00edcio de mar\u00e7o, para debater a volta do calend\u00e1rio escolar com o ensino remoto e as car\u00eancias apresentadas, al\u00e9m da convoca\u00e7\u00e3o do processo seletivo da educa\u00e7\u00e3o.<\/p>\n\n\n\n<p>&#8220;Temos recebido muitas den\u00fancias de servidores, de trabalhadores por RPA, assim como das pr\u00f3prias fam\u00edlias dos alunos, que essa semana foram surpreendidos com o mesmo sistema que vinha sendo adotado no ano passado. Apesar de termos nos reunido com a Secretaria de Educa\u00e7\u00e3o h\u00e1 quase tr\u00eas semanas, pedindo mudan\u00e7as na plataforma que trouxessem melhorias, nada ainda foi cumprido&#8221;, disse Yuri Moura.<\/p>\n\n\n\n<p>Ele explica que as principais demandas est\u00e3o relacionadas \u00e0 carga hor\u00e1ria dos professores, a ado\u00e7\u00e3o de plataformas que melhorassem a intera\u00e7\u00e3o com os alunos, entre outras. &#8220;Se n\u00e3o resolvermos o problema do ensino remoto, estaremos abrindo espa\u00e7o para um di\u00e1logo covarde da volta antecipada do ensino presencial&#8221;, completou.<\/p>\n\n\n\n<p>O vereador destaca ainda que a Comiss\u00e3o criou um canal de comunica\u00e7\u00e3o com a comunidade escolar, para o recebimento de relatos de pais, alunos e professores, para que possam ser apuradas as situa\u00e7\u00f5es relativas ao ensino remoto, facilitando assim a reuni\u00e3o das informa\u00e7\u00f5es que j\u00e1 vem sendo apuradas pelos membros da comiss\u00e3o atrav\u00e9s dos gabinetes, pelas redes sociais e atrav\u00e9s do contato pessoal nas ruas.<\/p>\n\n\n\n<p>Este canal servir\u00e1 tamb\u00e9m para tirar as d\u00favidas daqueles que fizeram o processo seletivo da educa\u00e7\u00e3o e n\u00e3o estando recebendo nenhum tipo de informa\u00e7\u00e3o. O e-mail criado \u00e9 o&nbsp;<a rel=\"noreferrer noopener\" target=\"_blank\" href=\"mailto:ceadh@cmp.rj.gov.br\">ceadh@cmp.rj.gov.br<\/a>. Al\u00e9m de Yuri Moura, que preside a CEASDH, integram a Comiss\u00e3o os vereadores Gilda Beatriz (vice-presidente) e o vereador Domingos Protetor (vogal).<\/p>\n\n\n\n<p>Na reuni\u00e3o de hoje, ficou definido que a comiss\u00e3o vai funcionar com grupos de trabalho (GT\u00b4s) envolvendo a sociedade civil. Foi aprovada a cria\u00e7\u00e3o de um grupo sobre diversidade, a partir de encontro realizado com o grupo LGBTQIA+. A comiss\u00e3o, dentro da sua atribui\u00e7\u00e3o de cuidar tamb\u00e9m dos temas relativos aos direitos humanos, poder\u00e1 abra\u00e7ar essas pautas, criando uma inst\u00e2ncia interna para que isso funcione e vire mat\u00e9ria legislativa.<\/p>\n\n\n\n<p>Na reuni\u00e3o foi aprovada tamb\u00e9m a cria\u00e7\u00e3o da logomarca da comiss\u00e3o, baseada na sigla CEADH, que ser\u00e1 usada na divulga\u00e7\u00e3o dos trabalhos<\/p>\n\n\n\n<p>&nbsp;Fotos: Ascom\/CMP<\/p>\n","protected":false},"excerpt":{"rendered":"<p>A Comiss\u00e3o de Educa\u00e7\u00e3o, Assist\u00eancia Social e Direitos Humanos (CEADH) da C\u00e2mara Municipal de Petr\u00f3polis<\/p>\n","protected":false},"author":2,"featured_media":10226,"comment_status":"open","ping_status":"open","sticky":false,"template":"","format":"standard","meta":{"footnotes":""},"categories":[12],"tags":[],"class_list":["post-10223","post","type-post","status-publish","format-standard","has-post-thumbnail","hentry","category-cidade"],"_links":{"self":[{"href":"https:\/\/tvc16.com\/portal\/wp-json\/wp\/v2\/posts\/10223","targetHints":{"allow":["GET"]}}],"collection":[{"href":"https:\/\/tvc16.com\/portal\/wp-json\/wp\/v2\/posts"}],"about":[{"href":"https:\/\/tvc16.com\/portal\/wp-json\/wp\/v2\/types\/post"}],"author":[{"embeddable":true,"href":"https:\/\/tvc16.com\/portal\/wp-json\/wp\/v2\/users\/2"}],"replies":[{"embeddable":true,"href":"https:\/\/tvc16.com\/portal\/wp-json\/wp\/v2\/comments?post=10223"}],"version-history":[{"count":1,"href":"https:\/\/tvc16.com\/portal\/wp-json\/wp\/v2\/posts\/10223\/revisions"}],"predecessor-version":[{"id":10227,"href":"https:\/\/tvc16.com\/portal\/wp-json\/wp\/v2\/posts\/10223\/revisions\/10227"}],"wp:featuredmedia":[{"embeddable":true,"href":"https:\/\/tvc16.com\/portal\/wp-json\/wp\/v2\/media\/10226"}],"wp:attachment":[{"href":"https:\/\/tvc16.com\/portal\/wp-json\/wp\/v2\/media?parent=10223"}],"wp:term":[{"taxonomy":"category","embeddable":true,"href":"https:\/\/tvc16.com\/portal\/wp-json\/wp\/v2\/categories?post=10223"},{"taxonomy":"post_tag","embeddable":true,"href":"https:\/\/tvc16.com\/portal\/wp-json\/wp\/v2\/tags?post=10223"}],"curies":[{"name":"wp","href":"https:\/\/api.w.org\/{rel}","templated":true}]}}