{"id":102235,"date":"2025-04-09T05:00:00","date_gmt":"2025-04-09T08:00:00","guid":{"rendered":"https:\/\/tvc16.com\/portal\/?p=102235"},"modified":"2025-04-08T12:54:51","modified_gmt":"2025-04-08T15:54:51","slug":"escola-de-musica-santa-cecilia-reabre-inscricoes-para-selecionar-projetos-culturais","status":"publish","type":"post","link":"https:\/\/tvc16.com\/portal\/2025\/04\/09\/escola-de-musica-santa-cecilia-reabre-inscricoes-para-selecionar-projetos-culturais\/","title":{"rendered":"Escola de M\u00fasica Santa Cec\u00edlia reabre inscri\u00e7\u00f5es para selecionar projetos culturais"},"content":{"rendered":"\n<p><em>Interessados podem se inscrever at\u00e9 quinta-feira, 10 de abril, para participar do edital que transformou a institui\u00e7\u00e3o em Ponto de Cultura<\/em><\/p>\n\n\n\n<p>A Escola de M\u00fasica Santa Cec\u00edlia reabriu as inscri\u00e7\u00f5es para selecionar dez projetos culturais que ir\u00e3o integrar o edital de chamamento p\u00fablico 03\/2024, promovido pela Prefeitura de Petr\u00f3polis, por meio do Instituto Municipal de Cultura e do Fundo Municipal de Cultura. As inscri\u00e7\u00f5es estar\u00e3o abertas at\u00e9 quinta-feira, dia 10 de abril, e a sele\u00e7\u00e3o faz parte da programa\u00e7\u00e3o do novo projeto que transforma a institui\u00e7\u00e3o em um Ponto de Cultura.<\/p>\n\n\n\n<p>Uma das mais tradicionais institui\u00e7\u00f5es culturais de Petr\u00f3polis, a Escola de M\u00fasica Santa Cec\u00edlia foi contemplada no edital com uma proposta de forte alcance comunit\u00e1rio. A iniciativa prev\u00ea a realiza\u00e7\u00e3o de workshops quinzenais, entre mar\u00e7o e novembro de 2025, no Teatro Reynaldo Chaves. A programa\u00e7\u00e3o \u00e9 aberta \u00e0 comunidade, com ingressos gratuitos, e busca integrar artistas de diferentes linguagens com o p\u00fablico.<\/p>\n\n\n\n<p>Ao todo, 10 grupos culturais j\u00e1 foram selecionados e mais 10 ser\u00e3o selecionados neste segundo chamamento, para conduzir os workshops gratuitos, abordando manifesta\u00e7\u00f5es de m\u00fasica, teatro, dan\u00e7a, artes pl\u00e1sticas, cultura popular e erudita, al\u00e9m de express\u00f5es de grupos ind\u00edgenas, negros, LGBTQIAPN+, quilombolas e pessoas com defici\u00eancia. Cada oficina poder\u00e1 receber at\u00e9 80 participantes e ser\u00e1 seguida de um debate mediado por especialistas, promovendo reflex\u00f5es sobre diversidade cultural.<\/p>\n\n\n\n<p>\u201cEste projeto \u00e9 um marco na hist\u00f3ria da Escola. Al\u00e9m de abrir espa\u00e7o para diferentes manifesta\u00e7\u00f5es culturais, reafirma nossa miss\u00e3o de democratizar o acesso \u00e0 arte e valorizar a cultura local. Nossa proposta \u00e9 garantir que todas as vozes tenham palco e que cada participante saia daqui transformado\u201d, afirma Janine Meirelles, presidente volunt\u00e1ria da Escola de M\u00fasica Santa Cec\u00edlia.<\/p>\n\n\n\n<p>Um dos diferenciais da iniciativa \u00e9 o registro audiovisual de todas as apresenta\u00e7\u00f5es, que ser\u00e3o disponibilizadas gratuitamente aos participantes. O objetivo \u00e9 ampliar o alcance das a\u00e7\u00f5es culturais e valorizar os grupos envolvidos.<\/p>\n\n\n\n<p>Com o projeto, a Escola refor\u00e7a seu papel como espa\u00e7o acess\u00edvel, plural e integrador, em conson\u00e2ncia com os princ\u00edpios do programa Cultura Viva, que reconhece a diversidade cultural como um direito de cidadania e um vetor de desenvolvimento.<\/p>\n\n\n\n<p>\u201cAcreditamos que a cultura \u00e9 o caminho para construir uma sociedade mais justa, inclusiva e conectada com suas ra\u00edzes\u201d, conclui Janine.<\/p>\n","protected":false},"excerpt":{"rendered":"<p>Interessados podem se inscrever at\u00e9 quinta-feira, 10 de abril, para participar do edital que transformou<\/p>\n","protected":false},"author":2,"featured_media":93604,"comment_status":"open","ping_status":"open","sticky":false,"template":"","format":"standard","meta":{"footnotes":""},"categories":[12,1],"tags":[],"class_list":["post-102235","post","type-post","status-publish","format-standard","has-post-thumbnail","hentry","category-cidade","category-uncategorized"],"_links":{"self":[{"href":"https:\/\/tvc16.com\/portal\/wp-json\/wp\/v2\/posts\/102235","targetHints":{"allow":["GET"]}}],"collection":[{"href":"https:\/\/tvc16.com\/portal\/wp-json\/wp\/v2\/posts"}],"about":[{"href":"https:\/\/tvc16.com\/portal\/wp-json\/wp\/v2\/types\/post"}],"author":[{"embeddable":true,"href":"https:\/\/tvc16.com\/portal\/wp-json\/wp\/v2\/users\/2"}],"replies":[{"embeddable":true,"href":"https:\/\/tvc16.com\/portal\/wp-json\/wp\/v2\/comments?post=102235"}],"version-history":[{"count":1,"href":"https:\/\/tvc16.com\/portal\/wp-json\/wp\/v2\/posts\/102235\/revisions"}],"predecessor-version":[{"id":102236,"href":"https:\/\/tvc16.com\/portal\/wp-json\/wp\/v2\/posts\/102235\/revisions\/102236"}],"wp:featuredmedia":[{"embeddable":true,"href":"https:\/\/tvc16.com\/portal\/wp-json\/wp\/v2\/media\/93604"}],"wp:attachment":[{"href":"https:\/\/tvc16.com\/portal\/wp-json\/wp\/v2\/media?parent=102235"}],"wp:term":[{"taxonomy":"category","embeddable":true,"href":"https:\/\/tvc16.com\/portal\/wp-json\/wp\/v2\/categories?post=102235"},{"taxonomy":"post_tag","embeddable":true,"href":"https:\/\/tvc16.com\/portal\/wp-json\/wp\/v2\/tags?post=102235"}],"curies":[{"name":"wp","href":"https:\/\/api.w.org\/{rel}","templated":true}]}}