{"id":102243,"date":"2025-04-08T11:38:29","date_gmt":"2025-04-08T14:38:29","guid":{"rendered":"https:\/\/tvc16.com\/portal\/?p=102243"},"modified":"2025-04-08T11:38:31","modified_gmt":"2025-04-08T14:38:31","slug":"detran-rj-entrega-cnh-a-cadeirante-que-dirigia-carro-usando-cabo-de-vassoura","status":"publish","type":"post","link":"https:\/\/tvc16.com\/portal\/2025\/04\/08\/detran-rj-entrega-cnh-a-cadeirante-que-dirigia-carro-usando-cabo-de-vassoura\/","title":{"rendered":"Detran.RJ entrega CNH a cadeirante que dirigia carro usando cabo de vassoura"},"content":{"rendered":"\n<h4 class=\"wp-block-heading\"><strong><em>Motorista de aplicativo participou do Dia D, dedicado \u00e0 inclus\u00e3o da pessoa com defici\u00eancia. Ele foi aprovado em curso gratuito de dire\u00e7\u00e3o usando carro adaptado da Escola P\u00fablica de Tr\u00e2nsito, do Detran<\/em><\/strong><\/h4>\n\n\n\n<p>&nbsp;O Detran.RJ entregou, nesta segunda-feira (7\/4), a carteira de habilita\u00e7\u00e3o ao cadeirante Jo\u00e3o Marcelo Drummond, que, sem as duas pernas, foi abordado numa fiscaliza\u00e7\u00e3o de tr\u00e2nsito, em fevereiro de 2024, usando um cabo de vassoura nos pedais para acelerar e frear um carro de aplicativo, que conduzia sem habilita\u00e7\u00e3o. Na ocasi\u00e3o, ele foi multado e conduzido \u00e0 delegacia. A entrega foi realizada durante o Dia D da pessoa com defici\u00eancia.<\/p>\n\n\n\n<p>Na semana passada, Jo\u00e3o foi aprovado no exame pr\u00e1tico de dire\u00e7\u00e3o, meses ap\u00f3s ser inscrito pelo Detran.RJ no programa Cidadania Sobre Rodas, da Escola P\u00fablica de Tr\u00e2nsito (EPT), que oferece aulas gratuitas de dire\u00e7\u00e3o a pessoas com defici\u00eancia que precisam de carro adaptado. Ele fez as aulas pr\u00e1ticas em carro especialmente adaptado pelo Detran para suas necessidades, e concluiu todo o processo no in\u00edcio do m\u00eas.<\/p>\n\n\n\n<p>Carla Monnerat, assessora especial da Presid\u00eancia do Detran.RJ, entregou o documento ao rapaz no Posto Detran Acess\u00edvel-PCD, na Av. Francisco Bicalho, no Rio, durante nova edi\u00e7\u00e3o do Dia D &#8211; data destinada ao atendimento priorit\u00e1rio a pessoas com defici\u00eancia e \u00e0 inscri\u00e7\u00e3o do programa Cidadania Sobre Rodas. O presidente do Detran.RJ, Vinicius Farah, parabenizou o rapaz pela aprova\u00e7\u00e3o no curso e ressaltou a import\u00e2ncia de dirigir habilitado.<\/p>\n\n\n\n<p>&#8220;O programa Cidadania Sobre Rodas \u00e9 um exemplo concreto de inclus\u00e3o e cidadania. Por meio dele, pessoas com defici\u00eancia t\u00eam acesso gratuito a aulas te\u00f3ricas e pr\u00e1ticas de dire\u00e7\u00e3o em ve\u00edculos adaptados, com todo o suporte necess\u00e1rio para conquistarem sua independ\u00eancia e mobilidade. \u00c9 gratificante ver hist\u00f3rias como a do Jo\u00e3o, que nos inspiram pela coragem e determina\u00e7\u00e3o. Parab\u00e9ns, Jo\u00e3o, pela conquista da sua CNH e por provar que, com apoio e oportunidade, todos podem superar desafios e seguir em frente com dignidade&#8221;, disse Farah.<\/p>\n\n\n\n<p>Casado e pai de tr\u00eas filhos, e morador de Campo Grande, na Zona Oeste do Rio, Jo\u00e3o elogiou o acolhimento dos instrutores e de toda a equipe da Escola P\u00fablica de Tr\u00e2nsito, e disse que, agora, vai procurar empresas que fazem a adapta\u00e7\u00e3o de ve\u00edculos para pessoas com defici\u00eancia:<\/p>\n\n\n\n<p>&nbsp;\u201cAgrade\u00e7o de cora\u00e7\u00e3o ao Detran pela oportunidade de tirar gratuitamente a minha sonhada CNH. S\u00f3 dirigi sem habilita\u00e7\u00e3o porque precisava trabalhar para sustentar minha fam\u00edlia. Agora, dentro da lei, pretendo adaptar meu carro e us\u00e1-lo para fazer entrega de mercadorias.&nbsp; Quero parabenizar a todos os instrutores pela dedica\u00e7\u00e3o e comprometimento. Fui muito bem tratado em todas as etapas do processo. O programa Cidadania Sobre Rodas \u00e9 maravilhoso\u201d.<\/p>\n\n\n\n<p>Jo\u00e3o, que participou nesta segunda-feira do Dia D de inclus\u00e3o da pessoa com defici\u00eancia, falou da import\u00e2ncia do programa, realizado pela Coordenadoria de Educa\u00e7\u00e3o para o Tr\u00e2nsito do Detran.RJ. \u201cEstava muito receoso, mas percebi que n\u00e3o \u00e9 um bicho de sete cabe\u00e7as. Basta ter for\u00e7a de vontade e trabalhar a parte mental. Os instrutores s\u00e3o muito bons e permitem a realiza\u00e7\u00e3o de nossos sonhos\u201d, afirmou ele.<\/p>\n\n\n\n<h4 class=\"wp-block-heading\"><strong>Vagas de trabalho<\/strong><\/h4>\n\n\n\n<p>O primeiro Dia D deste ano, em alus\u00e3o ao Dia Mundial de Conscientiza\u00e7\u00e3o do Autismo, celebrado no dia 2 de abril, tamb\u00e9m contou com a participa\u00e7\u00e3o da Casa da Inclus\u00e3o, que ofereceu vagas de trabalho, e da Funda\u00e7\u00e3o Le\u00e3o XIII, que cadastrou os usu\u00e1rios para a retirada de benef\u00edcios e isen\u00e7\u00e3o de taxas. Al\u00e9m disso, integrantes da Subsecretaria de Pol\u00edticas Inclusivas explicaram a import\u00e2ncia do Censo Inclus\u00e3o RJ, um programa do governo do Estado que visa identificar e mapear pessoas com necessidades especiais. O Censo vai orientar o planejamento e direcionamento das pol\u00edticas p\u00fablicas para as pessoas com defici\u00eancia.<\/p>\n\n\n\n<p>Nas unidades de Identifica\u00e7\u00e3o Civil do Detran.RJ, o p\u00fablico PCD teve a possibilidade de emitir a carteira de identidade com indica\u00e7\u00e3o de defici\u00eancia e o Cart\u00e3o da Pessoa com Defici\u00eancia, documento que complementa a identidade especial. No documento, podem ser inclu\u00eddos at\u00e9 quatro dos cinco s\u00edmbolos de defici\u00eancia: visual, mental (ou intelectual), f\u00edsica, auditiva ou do espectro autista.<\/p>\n\n\n\n<p>O presidente Vinicius Farah destacou as instala\u00e7\u00f5es do Posto Detran Acess\u00edvel, totalmente adaptado \u00e0s necessidades das pessoas com defici\u00eancia.<\/p>\n\n\n\n<p>\u201cA unidade atende, com exclusividade, pessoas com defici\u00eancia e idosos. E conta com uma sala de acomoda\u00e7\u00e3o para crian\u00e7as com autismo tirarem a carteira de identidade com conforto e tranquilidade. O espa\u00e7o foi projetado para criar um ambiente aconchegante, com ilumina\u00e7\u00e3o especial, jogos interativos e profissionais qualificados. A inclus\u00e3o sempre ser\u00e1 um compromisso do Governo do Estado\u201d, ressaltou Farah. Ainda em 2025, haver\u00e1 mais tr\u00eas edi\u00e7\u00f5es do Dia D. As datas ser\u00e3o anunciadas em breve.<\/p>\n","protected":false},"excerpt":{"rendered":"<p>Motorista de aplicativo participou do Dia D, dedicado \u00e0 inclus\u00e3o da pessoa com defici\u00eancia. Ele<\/p>\n","protected":false},"author":2,"featured_media":102244,"comment_status":"open","ping_status":"open","sticky":false,"template":"","format":"standard","meta":{"footnotes":""},"categories":[17],"tags":[],"class_list":["post-102243","post","type-post","status-publish","format-standard","has-post-thumbnail","hentry","category-outras-noticias"],"_links":{"self":[{"href":"https:\/\/tvc16.com\/portal\/wp-json\/wp\/v2\/posts\/102243","targetHints":{"allow":["GET"]}}],"collection":[{"href":"https:\/\/tvc16.com\/portal\/wp-json\/wp\/v2\/posts"}],"about":[{"href":"https:\/\/tvc16.com\/portal\/wp-json\/wp\/v2\/types\/post"}],"author":[{"embeddable":true,"href":"https:\/\/tvc16.com\/portal\/wp-json\/wp\/v2\/users\/2"}],"replies":[{"embeddable":true,"href":"https:\/\/tvc16.com\/portal\/wp-json\/wp\/v2\/comments?post=102243"}],"version-history":[{"count":1,"href":"https:\/\/tvc16.com\/portal\/wp-json\/wp\/v2\/posts\/102243\/revisions"}],"predecessor-version":[{"id":102245,"href":"https:\/\/tvc16.com\/portal\/wp-json\/wp\/v2\/posts\/102243\/revisions\/102245"}],"wp:featuredmedia":[{"embeddable":true,"href":"https:\/\/tvc16.com\/portal\/wp-json\/wp\/v2\/media\/102244"}],"wp:attachment":[{"href":"https:\/\/tvc16.com\/portal\/wp-json\/wp\/v2\/media?parent=102243"}],"wp:term":[{"taxonomy":"category","embeddable":true,"href":"https:\/\/tvc16.com\/portal\/wp-json\/wp\/v2\/categories?post=102243"},{"taxonomy":"post_tag","embeddable":true,"href":"https:\/\/tvc16.com\/portal\/wp-json\/wp\/v2\/tags?post=102243"}],"curies":[{"name":"wp","href":"https:\/\/api.w.org\/{rel}","templated":true}]}}