{"id":102249,"date":"2025-04-09T05:00:00","date_gmt":"2025-04-09T08:00:00","guid":{"rendered":"https:\/\/tvc16.com\/portal\/?p=102249"},"modified":"2025-04-08T13:21:36","modified_gmt":"2025-04-08T16:21:36","slug":"instituto-credenciado-pela-oms-quer-atuar-no-stf-em-acao-pro-aborto","status":"publish","type":"post","link":"https:\/\/tvc16.com\/portal\/2025\/04\/09\/instituto-credenciado-pela-oms-quer-atuar-no-stf-em-acao-pro-aborto\/","title":{"rendered":"Instituto credenciado pela OMS quer atuar no STF em a\u00e7\u00e3o pr\u00f3 aborto"},"content":{"rendered":"\n<p>Por causa de uma s\u00e9rie de barreiras estruturais, o Brasil viola \u201csuas obriga\u00e7\u00f5es b\u00e1sicas\u201d, indo contra a pr\u00f3pria legisla\u00e7\u00e3o e as leis internacionais, por n\u00e3o garantir a oferta de aborto legal no pa\u00eds, aponta o Instituto O\u2019Neill, em manifesta\u00e7\u00e3o enviada ao Supremo Tribunal Federal (STF).&nbsp;<img decoding=\"async\" src=\"https:\/\/agenciabrasil.ebc.com.br\/ebc.png?id=1637936&amp;o=node\"><img decoding=\"async\" src=\"https:\/\/agenciabrasil.ebc.com.br\/ebc.gif?id=1637936&amp;o=node\"><\/p>\n\n\n\n<p>Abrigado pela Universidade de Georgetown, nos Estados Unidos,&nbsp;<strong>o instituto \u00e9 o \u00fanico credenciado como colaborador direto da Organiza\u00e7\u00e3o Mundial da Sa\u00fade (OMS)<\/strong>, auxiliando a institui\u00e7\u00e3o em quest\u00f5es legais relacionadas aos campos da sa\u00fade e dos direitos humanos.&nbsp;<\/p>\n\n\n\n<p><strong>Na semana passada, o instituto pediu para ingressar como amicus curiae<\/strong>&nbsp;(amigo do corte, apto a apresentar informa\u00e7\u00f5es relevantes ao julgamento) na a\u00e7\u00e3o em que a Associa\u00e7\u00e3o Brasileira de Sa\u00fade Coletiva (Abraco) pede que seja reconhecido o estado de coisas inconstitucional em rela\u00e7\u00e3o \u00e0 oferta do aborto legal no pa\u00eds. O relator \u00e9 o ministro Edson Fachin.&nbsp;<\/p>\n\n\n\n<p><strong>No pedido encaminhado ao STF, o instituto destaca a escassez de servi\u00e7os e equipes treinadas como uma das principais barreiras ao aborto legal no Brasil.<\/strong>&nbsp;Atualmente, h\u00e1 apenas 88 servi\u00e7os de refer\u00eancia cadastrados para a interrup\u00e7\u00e3o da gravidez em todo o pa\u00eds, distribu\u00eddos por 55 cidades, o equivalente a 4% dos munic\u00edpios brasileiros.&nbsp;<\/p>\n\n\n\n<p>N\u00e3o h\u00e1 sequer um servi\u00e7o do tipo por estado.&nbsp;<strong>O Par\u00e1, estado de dimens\u00f5es continentais, por exemplo, tem apenas um servi\u00e7o de aborto legal.<\/strong>&nbsp;Em todo o pa\u00eds, existe apenas um programa de telemedicina dedicado ao atendimento para o aborto legal, que funciona no Hospital Universit\u00e1rio de Uberl\u00e2ndia, em Minas Gerais, salienta o instituto.&nbsp;&nbsp;<\/p>\n\n\n\n<blockquote class=\"wp-block-quote is-layout-flow wp-block-quote-is-layout-flow\">\n<p>\u201cNesse sentido, ao dispor de t\u00e3o poucas unidades de sa\u00fade que realizam o aborto legal, e somente uma que realiza o procedimento por telemedicina, o Brasil incorre em viola\u00e7\u00e3o de suas obriga\u00e7\u00f5es b\u00e1sicas, e por consequ\u00eancia da interdepend\u00eancia dos direitos, ao direito \u00e0 sa\u00fade, direito \u00e0 vida, \u00e0 n\u00e3o discrimina\u00e7\u00e3o e \u00e0 igualdade\u201d, diz o texto apresentado ao Supremo.&nbsp;<\/p>\n<\/blockquote>\n\n\n\n<p><strong>A falta de acesso ao aborto legal \u00e9 discriminat\u00f3ria com mulheres e meninas<\/strong>, j\u00e1 que representa uma amea\u00e7a \u00e0 vida desse p\u00fablico espec\u00edfico, denuncia o instituto. Conforme estabelecido pela OMS, estima-se que at\u00e9 90% das mortes de gestantes no mundo poderiam ser evitadas pela oferta de servi\u00e7os como os de aborto legal.&nbsp;<\/p>\n\n\n\n<h2 class=\"wp-block-heading\">M\u00e9todos ultrapassados<\/h2>\n\n\n\n<p>Nos poucos servi\u00e7os dispon\u00edveis no pa\u00eds, inexistem protocolos adequados para os casos de aborto legal, com a aplica\u00e7\u00e3o de m\u00e9todos que n\u00e3o est\u00e3o de acordo com as evid\u00eancias cient\u00edficas mais recentes.&nbsp;<\/p>\n\n\n\n<p><strong>Desde 2005, uma portaria do Minist\u00e9rio da Sa\u00fade estabelece o passo a passo em caso de atendimento para o aborto legal<\/strong>. O problema \u00e9 que a norma prev\u00ea procedimentos \u201cvexat\u00f3rios\u201d e que \u201crevitimizam\u201d as mulheres. Isso porque, no caso de gravidez por estupro, por exemplo, a gestante \u00e9 obrigada a relatar o acontecimento, al\u00e9m de ter que assinar um termo de responsabilidade, dando ci\u00eancia que ela comete crime se mentir.&nbsp;<\/p>\n\n\n\n<blockquote class=\"wp-block-quote is-layout-flow wp-block-quote-is-layout-flow\">\n<p>\u201cAs falhas no atendimento decorrentes de protocolos e servi\u00e7os inadequados tornam-se uma barreira para que a pessoa d\u00ea continuidade ao atendimento ou at\u00e9 mesmo para que outras pessoas busquem aquele servi\u00e7o de antem\u00e3o em raz\u00e3o da inseguran\u00e7a e medo gerados\u201d, alerta o instituto.&nbsp;<\/p>\n<\/blockquote>\n\n\n\n<p>Outro ponto destacado no documento enviado ao Supremo, \u00e9 que a&nbsp;<strong>grande maioria das mulheres que conseguem ter acesso ao servi\u00e7o acabam sendo submetidas ao m\u00e9todo de curetagem<\/strong>, considerado ultrapassado, e que deixou de ser recomendado em 2022 pela OMS por causar dor e sofrimento, violando os direitos humanos.&nbsp;<\/p>\n\n\n\n<p><strong>O m\u00e9todo mais seguro e adequado, conforme recomendado pela OMS, \u00e9 o aborto por meio de medicamentos.<\/strong>&nbsp;\u201cA pr\u00e1tica brasileira destoa dessas recomenda\u00e7\u00f5es, sendo o aborto medicamentoso praticamente inexistente no Brasil\u201d, afirma o Instituto O\u2019Neill.&nbsp;<\/p>\n\n\n\n<p><strong>No pa\u00eds h\u00e1 apenas uma droga registrada para induzir o aborto<\/strong>, e ainda assim com uso estritamente restrito ao ambiente hospitalar. \u201cA pr\u00e1tica brasileira destoa dessas recomenda\u00e7\u00f5es, sendo o aborto medicamentoso praticamente inexistente no Brasil\u201d, diz o documento.<\/p>\n\n\n\n<blockquote class=\"wp-block-quote is-layout-flow wp-block-quote-is-layout-flow\">\n<p>\u201cInfelizmente, a realidade brasileira est\u00e1 totalmente em descompasso com as recomenda\u00e7\u00f5es estabelecidas pela OMS: ainda s\u00e3o realizadas pr\u00e1ticas ultrapassadas, al\u00e9m da falta de materiais necess\u00e1rios para realiza\u00e7\u00e3o do aborto legal que estejam de acordo com as \u00faltimas evid\u00eancias cient\u00edficas ou da restri\u00e7\u00e3o excessiva em torno de alguns procedimentos\u201d, denuncia o instituto no documento.&nbsp;<\/p>\n<\/blockquote>\n\n\n\n<h2 class=\"wp-block-heading\">Descriminaliza\u00e7\u00e3o<\/h2>\n\n\n\n<p>Protocolada em 2022, a&nbsp;<strong>a\u00e7\u00e3o sobre a falta de acesso ao aborto legal no pa\u00eds segue parada ao menos desde 2023<\/strong>, quando oministro Edson Fachin proferiu o \u00faltimo despacho no caso.&nbsp;<\/p>\n\n\n\n<p>O presidente do Supremo,&nbsp;<a href=\"https:\/\/agenciabrasil.ebc.com.br\/justica\/noticia\/2023-12\/julgamento-sobre-aborto-nao-sera-pautado-no-curto-prazo-diz-barroso\" target=\"_blank\" rel=\"noreferrer noopener\">ministro Lu\u00eds Roberto Barroso, j\u00e1 deu declara\u00e7\u00f5es<\/a>&nbsp;afirmando que o tema n\u00e3o est\u00e1 pronto para ser julgado.<\/p>\n\n\n\n<p><strong>A legisla\u00e7\u00e3o brasileira permite o aborto de forma legal nos casos de gravidez decorrente de viol\u00eancia sexual ou se a gesta\u00e7\u00e3o amea\u00e7ar a vida da m\u00e3e.<\/strong>&nbsp;O Supremo tamb\u00e9m autorizou a interrup\u00e7\u00e3o da gravidez nos casos de anencefalia, a m\u00e1 forma\u00e7\u00e3o do c\u00e9rebro do feto.&nbsp;<\/p>\n\n\n\n<p>O Supremo j\u00e1 chegou a iniciar o julgamento no plen\u00e1rio virtual de uma outra a\u00e7\u00e3o, que pede a descriminaliza\u00e7\u00e3o do aborto em qualquer caso, em 2023, quando a&nbsp;<strong>ministra Rosa Weber, hoje aposentada, votou a favor da libera\u00e7\u00e3o do procedimento at\u00e9 a 12\u00aa semana de gesta\u00e7\u00e3o<\/strong>.&nbsp;<\/p>\n\n\n\n<p>Logo em seguida, entretanto,&nbsp;<strong>a an\u00e1lise do processo foi interrompida por um pedido de destaque do ministro Barroso<\/strong>. A a\u00e7\u00e3o ent\u00e3o saiu da pauta do plen\u00e1rio virtual para ser remetida para debate no plen\u00e1rio f\u00edsico da Corte. N\u00e3o h\u00e1 data definida para a retomada do julgamento.&nbsp;<\/p>\n\n\n\n<p>Felipe Pontes &#8211; Rep\u00f3rter da Ag\u00eancia Brasil<br>Foto: \u00a9 Paulo Pinto\/Ag\u00eancia Brasil<br><\/p>\n","protected":false},"excerpt":{"rendered":"<p>Por causa de uma s\u00e9rie de barreiras estruturais, o Brasil viola \u201csuas obriga\u00e7\u00f5es b\u00e1sicas\u201d, indo<\/p>\n","protected":false},"author":2,"featured_media":102250,"comment_status":"open","ping_status":"open","sticky":false,"template":"","format":"standard","meta":{"footnotes":""},"categories":[17],"tags":[],"class_list":["post-102249","post","type-post","status-publish","format-standard","has-post-thumbnail","hentry","category-outras-noticias"],"_links":{"self":[{"href":"https:\/\/tvc16.com\/portal\/wp-json\/wp\/v2\/posts\/102249","targetHints":{"allow":["GET"]}}],"collection":[{"href":"https:\/\/tvc16.com\/portal\/wp-json\/wp\/v2\/posts"}],"about":[{"href":"https:\/\/tvc16.com\/portal\/wp-json\/wp\/v2\/types\/post"}],"author":[{"embeddable":true,"href":"https:\/\/tvc16.com\/portal\/wp-json\/wp\/v2\/users\/2"}],"replies":[{"embeddable":true,"href":"https:\/\/tvc16.com\/portal\/wp-json\/wp\/v2\/comments?post=102249"}],"version-history":[{"count":1,"href":"https:\/\/tvc16.com\/portal\/wp-json\/wp\/v2\/posts\/102249\/revisions"}],"predecessor-version":[{"id":102251,"href":"https:\/\/tvc16.com\/portal\/wp-json\/wp\/v2\/posts\/102249\/revisions\/102251"}],"wp:featuredmedia":[{"embeddable":true,"href":"https:\/\/tvc16.com\/portal\/wp-json\/wp\/v2\/media\/102250"}],"wp:attachment":[{"href":"https:\/\/tvc16.com\/portal\/wp-json\/wp\/v2\/media?parent=102249"}],"wp:term":[{"taxonomy":"category","embeddable":true,"href":"https:\/\/tvc16.com\/portal\/wp-json\/wp\/v2\/categories?post=102249"},{"taxonomy":"post_tag","embeddable":true,"href":"https:\/\/tvc16.com\/portal\/wp-json\/wp\/v2\/tags?post=102249"}],"curies":[{"name":"wp","href":"https:\/\/api.w.org\/{rel}","templated":true}]}}