{"id":102252,"date":"2025-04-09T05:00:00","date_gmt":"2025-04-09T08:00:00","guid":{"rendered":"https:\/\/tvc16.com\/portal\/?p=102252"},"modified":"2025-04-08T13:37:04","modified_gmt":"2025-04-08T16:37:04","slug":"dengue-sp-mg-e-pr-concentram-73-dos-casos-e-86-dos-obitos","status":"publish","type":"post","link":"https:\/\/tvc16.com\/portal\/2025\/04\/09\/dengue-sp-mg-e-pr-concentram-73-dos-casos-e-86-dos-obitos\/","title":{"rendered":"Dengue: SP, MG e PR concentram 73% dos casos e 86% dos \u00f3bitos"},"content":{"rendered":"\n<p><strong>Dos cerca de 850 mil casos prov\u00e1veis de dengue notificados no Brasil ao longo dos tr\u00eas primeiros meses de 2025, 73% se concentram nos estados de S\u00e3o Paulo, Minas Gerais e Paran\u00e1<\/strong>.&nbsp;Os dados foram divulgados nesta ter\u00e7a-feira (8) pelo Minist\u00e9rio da Sa\u00fade.&nbsp;<img decoding=\"async\" src=\"https:\/\/agenciabrasil.ebc.com.br\/ebc.png?id=1637934&amp;o=node\"><img decoding=\"async\" src=\"https:\/\/agenciabrasil.ebc.com.br\/ebc.gif?id=1637934&amp;o=node\"><\/p>\n\n\n\n<p>Os tr\u00eas estados respondem ainda por 86% de todos os \u00f3bitos por dengue no pa\u00eds, sendo que S\u00e3o Paulo concentra 305 de um total de 430 mortes confirmadas no per\u00edodo.&nbsp;<\/p>\n\n\n\n<p>\u201cO que tem nos preocupado? Os \u00f3bitos\u201d, destacou a secretaria de Vigil\u00e2ncia em Sa\u00fade e Ambiente, Mari\u00e2ngela Sim\u00e3o, durante coletiva de imprensa.&nbsp;<\/p>\n\n\n\n<p>Segundo ela,&nbsp;<strong>a letalidade por dengue no estado de S\u00e3o Paulo, neste momento, \u00e9 maior do que a m\u00e9dia nacional<\/strong>.<\/p>\n\n\n\n<blockquote class=\"wp-block-quote is-layout-flow wp-block-quote-is-layout-flow\">\n<p>\u201cTodo \u00f3bito por dengue, em princ\u00edpio, \u00e9 uma morte evit\u00e1vel\u201d, completou.&nbsp;<\/p>\n<\/blockquote>\n\n\n\n<h2 class=\"wp-block-heading\">Sorotipos<\/h2>\n\n\n\n<p>Mari\u00e2ngela ressaltou ainda a circula\u00e7\u00e3o do sorotipo 3 da dengue no pa\u00eds \u2500 tipo&nbsp;do v\u00edrus&nbsp;que n\u00e3o circulava no Brasil&nbsp;h\u00e1 mais de 15 anos e, por isso, encontra menos pessoas imunes ao cont\u00e1gio.&nbsp;<strong>Neste momento, 22% dos casos de dengue registrados no Brasil s\u00e3o do sorotipo 3.<\/strong>&nbsp;<\/p>\n\n\n\n<p>Dados da pasta indicam tamb\u00e9m que 72% dos casos de dengue registrados no estado de S\u00e3o Paulo s\u00e3o do sorotipo 3. \u201cTemos mais gente suscet\u00edvel a ele\u201d, explicou a secret\u00e1ria.&nbsp;<\/p>\n\n\n\n<p>Ainda segundo Mari\u00e2ngela, o estado de S\u00e3o Paulo identificou ainda a circula\u00e7\u00e3o do sorotipo 4 da dengue \u2500 ao todo, quatro casos foram notificados, sendo tr\u00eas confirmados para o sorotipo.&nbsp;<\/p>\n\n\n\n<p>De acordo com o minist\u00e9rio, o sorotipo 2 segue respondendo pela maioria dos casos de dengue identificados no pa\u00eds, com \u00edndice de 72%.&nbsp;<\/p>\n\n\n\n<h2 class=\"wp-block-heading\">Pico de casos<\/h2>\n\n\n\n<p>O ministro da Sa\u00fade, Alexandre Padilha, lembrou que&nbsp;<strong>os meses de abril e maio, tradicionalmente, respondem como o per\u00edodo de maior registro de casos e, consequentemente, de \u00f3bitos por dengue<\/strong>&nbsp;\u2500&nbsp;sobretudo na Regi\u00e3o Sudeste.&nbsp;<\/p>\n\n\n\n<p>Segundo ele, a proposta de apresentar o balan\u00e7o de tr\u00eas meses da dengue no pa\u00eds contribui, inclusive, para preparar a pasta para o que ainda est\u00e1 por vir nesse per\u00edodo. \u201c\u00c9 um corte importante\u201d, avaliou.&nbsp;<\/p>\n\n\n\n<p>\u201cEst\u00e1 claro para todos n\u00f3s: temos uma redu\u00e7\u00e3o expressiva no n\u00famero de casos em 2025, quando comparados com 2024. N\u00e3o \u00e9 pouca coisa reduzir 75%\u201d, disse Padilha, ao citar 2,3 milh\u00f5es de casos a menos que os tr\u00eas primeiros meses do ano passado.&nbsp;<\/p>\n\n\n\n<blockquote class=\"wp-block-quote is-layout-flow wp-block-quote-is-layout-flow\">\n<p>\u201cTemos uma concentra\u00e7\u00e3o desses casos em um estado\u201d, destacou. \u201cQueremos e vamos refor\u00e7ar a\u00e7\u00f5es para apoiar estados onde h\u00e1 uma concentra\u00e7\u00e3o, neste momento, do n\u00famero de casos\u201d, completou o ministro<\/p>\n<\/blockquote>\n\n\n\n<p><strong>&gt;&gt;&gt; Os principais sintomas da dengue s\u00e3o:<\/strong><\/p>\n\n\n\n<ul class=\"wp-block-list\">\n<li><strong>febre alta<\/strong><\/li>\n\n\n\n<li><strong>dor atr\u00e1s dos olhos<\/strong><\/li>\n\n\n\n<li><strong>dores no corpo, m\u00fasculos e articula\u00e7\u00f5es<\/strong><\/li>\n\n\n\n<li><strong>manchas avermelhadas na pele e coceira<\/strong><\/li>\n\n\n\n<li><strong>n\u00e1useas\u00a0<\/strong><\/li>\n<\/ul>\n\n\n\n<p>Pacientes com dengue devem seguir a orienta\u00e7\u00e3o e acompanhamento dos servi\u00e7os de sa\u00fade, buscando repouso e hidrata\u00e7\u00e3o com a ingest\u00e3o de l\u00edquidos.<\/p>\n\n\n\n<figure class=\"wp-block-image\"><img decoding=\"async\" src=\"https:\/\/agenciabrasil.ebc.com.br\/sites\/default\/files\/thumbnails\/image\/sintomas_copy.jpg\" alt=\"Os principais sintomas da dengue. Foto: Arte\/EBC\" title=\"Arte\/EBC\"\/><\/figure>\n\n\n\n<h2 class=\"wp-block-heading\">Preven\u00e7\u00e3o<\/h2>\n\n\n\n<p>As a\u00e7\u00f5es de preven\u00e7\u00e3o da dengue incluem principalmente a aten\u00e7\u00e3o para n\u00e3o deixar locais descobertos com \u00e1gua, como caixas d&#8217;\u00e1gua, calhas, bueiros ou vasos de plantas. O mosquito&nbsp;<em>Aedes aegypti<\/em>, que transmite a dengue, a zika e a chikungunha, utiliza esses locais para depositar seus ovos e procriar.&nbsp;<\/p>\n\n\n\n<p>A vacina contra a dengue tamb\u00e9m j\u00e1 est\u00e1 dispon\u00edvel no Sistema \u00danico de Sa\u00fade&nbsp;para o p\u00fablico de 10 a 14 anos que reside em localidades priorit\u00e1rias.<\/p>\n\n\n\n<figure class=\"wp-block-image\"><img decoding=\"async\" src=\"https:\/\/agenciabrasil.ebc.com.br\/sites\/default\/files\/thumbnails\/image\/protecao_copy.jpg\" alt=\"Medidas de prote\u00e7\u00e3o individual para evitar picadas de mosquitos. Foto: Arte\/EBC\" title=\"Arte\/EBC\"\/><\/figure>\n\n\n\n<p>Paula Laboissi\u00e8re &#8211; Rep\u00f3rter da Ag\u00eancia Brasil<br>Foto: \u00a9 Paulo Pinto\/Ag\u00eancia Brasil<br><\/p>\n","protected":false},"excerpt":{"rendered":"<p>Dos cerca de 850 mil casos prov\u00e1veis de dengue notificados no Brasil ao longo dos<\/p>\n","protected":false},"author":2,"featured_media":102253,"comment_status":"open","ping_status":"open","sticky":false,"template":"","format":"standard","meta":{"footnotes":""},"categories":[17],"tags":[],"class_list":["post-102252","post","type-post","status-publish","format-standard","has-post-thumbnail","hentry","category-outras-noticias"],"_links":{"self":[{"href":"https:\/\/tvc16.com\/portal\/wp-json\/wp\/v2\/posts\/102252","targetHints":{"allow":["GET"]}}],"collection":[{"href":"https:\/\/tvc16.com\/portal\/wp-json\/wp\/v2\/posts"}],"about":[{"href":"https:\/\/tvc16.com\/portal\/wp-json\/wp\/v2\/types\/post"}],"author":[{"embeddable":true,"href":"https:\/\/tvc16.com\/portal\/wp-json\/wp\/v2\/users\/2"}],"replies":[{"embeddable":true,"href":"https:\/\/tvc16.com\/portal\/wp-json\/wp\/v2\/comments?post=102252"}],"version-history":[{"count":1,"href":"https:\/\/tvc16.com\/portal\/wp-json\/wp\/v2\/posts\/102252\/revisions"}],"predecessor-version":[{"id":102254,"href":"https:\/\/tvc16.com\/portal\/wp-json\/wp\/v2\/posts\/102252\/revisions\/102254"}],"wp:featuredmedia":[{"embeddable":true,"href":"https:\/\/tvc16.com\/portal\/wp-json\/wp\/v2\/media\/102253"}],"wp:attachment":[{"href":"https:\/\/tvc16.com\/portal\/wp-json\/wp\/v2\/media?parent=102252"}],"wp:term":[{"taxonomy":"category","embeddable":true,"href":"https:\/\/tvc16.com\/portal\/wp-json\/wp\/v2\/categories?post=102252"},{"taxonomy":"post_tag","embeddable":true,"href":"https:\/\/tvc16.com\/portal\/wp-json\/wp\/v2\/tags?post=102252"}],"curies":[{"name":"wp","href":"https:\/\/api.w.org\/{rel}","templated":true}]}}