{"id":102258,"date":"2025-04-09T05:00:00","date_gmt":"2025-04-09T08:00:00","guid":{"rendered":"https:\/\/tvc16.com\/portal\/?p=102258"},"modified":"2025-04-08T13:43:01","modified_gmt":"2025-04-08T16:43:01","slug":"ibge-industria-recua-em-sete-dos-15-locais-pesquisados-em-fevereiro","status":"publish","type":"post","link":"https:\/\/tvc16.com\/portal\/2025\/04\/09\/ibge-industria-recua-em-sete-dos-15-locais-pesquisados-em-fevereiro\/","title":{"rendered":"IBGE: ind\u00fastria recua em sete dos 15 locais pesquisados em fevereiro"},"content":{"rendered":"\n<p><strong>Sete dos 15 locais pesquisados pelo Instituto Brasileiro de Geografia e Estat\u00edstica (IBGE) apresentaram recuo na produ\u00e7\u00e3o industrial na passagem de janeiro para fevereiro, conforme aponta a Pesquisa Industrial Mensal Regional, divulgada nesta ter\u00e7a-feira (8).<\/strong><img decoding=\"async\" src=\"https:\/\/agenciabrasil.ebc.com.br\/ebc.png?id=1637888&amp;o=node\"><img decoding=\"async\" src=\"https:\/\/agenciabrasil.ebc.com.br\/ebc.gif?id=1637888&amp;o=node\"><\/p>\n\n\n\n<p>O IBGE j\u00e1 havia&nbsp;<a href=\"https:\/\/agenciabrasil.ebc.com.br\/economia\/noticia\/2025-04\/industria-cai-01-em-fevereiro-e-soma-5-meses-sem-crescimento\" target=\"_blank\" rel=\"noreferrer noopener\">divulgado na \u00faltima quarta-feira (2)<\/a>&nbsp;que a produ\u00e7\u00e3o da ind\u00fastria brasileira como um todo caiu 0,1% de janeiro para fevereiro. A divulga\u00e7\u00e3o desta ter\u00e7a-feira detalha um a um o comportamento dos locais pesquisados.<\/p>\n\n\n\n<p><strong>Localidades com recuo na produ\u00e7\u00e3o industrial:<\/strong><\/p>\n\n\n\n<ul class=\"wp-block-list\">\n<li>Bahia: -2,6%<\/li>\n\n\n\n<li>Cear\u00e1: -1,0%<\/li>\n\n\n\n<li>S\u00e3o Paulo: -0,8%<\/li>\n\n\n\n<li>Santa Catarina: -0,6%<\/li>\n\n\n\n<li>Mato Grosso: -0,6%<\/li>\n\n\n\n<li>Rio de Janeiro: -0,3%<\/li>\n\n\n\n<li>Minas Gerais: -0,2%<\/li>\n<\/ul>\n\n\n\n<p>De acordo com Bernardo Almeida, analista da pesquisa,<strong>&nbsp;h\u00e1 uma perda de intensidade na produ\u00e7\u00e3o industrial, influenciada pela pol\u00edtica monet\u00e1ria contracionista (aumento dos juros), com o objetivo de combater a infla\u00e7\u00e3o<\/strong>.<\/p>\n\n\n\n<blockquote class=\"wp-block-quote is-layout-flow wp-block-quote-is-layout-flow\">\n<p>\u201cIsso acaba estreitando mais as linhas de cr\u00e9dito, reduzindo os investimentos e fazendo com que as tomadas de decis\u00e3o na produ\u00e7\u00e3o sejam mais cautelosas\u201d, afirma Almeida, acrescentando que esse cen\u00e1rio tamb\u00e9m impacta de forma negativa o consumo das fam\u00edlias.<\/p>\n<\/blockquote>\n\n\n\n<p><strong><a href=\"https:\/\/agenciabrasil.ebc.com.br\/economia\/noticia\/2025-03\/copom-eleva-juros-basicos-da-economia-para-1425-ao-ano#\" target=\"_blank\" rel=\"noreferrer noopener\">&gt;&gt; Entenda&nbsp;por que o banco Central aumentou os juros para 14,25% ao ano<\/a><\/strong><\/p>\n\n\n\n<p><strong>Apesar de n\u00e3o ser a maior queda nominal, o resultado de S\u00e3o Paulo (-0,8%) foi o que exerceu maior influ\u00eancia no total da ind\u00fastria brasileira, pois o estado representa quase um ter\u00e7o (32,9%) do parque industrial brasileiro. O segundo desempenho negativo mais influente no m\u00eas foi o da Bahia (-2,6%)<\/strong>.<\/p>\n\n\n\n<p><strong>Locais que expandiram a produ\u00e7\u00e3o:<\/strong><\/p>\n\n\n\n<ul class=\"wp-block-list\">\n<li>Pernambuco, 6,5%<\/li>\n\n\n\n<li>Paran\u00e1, 2,0%<\/li>\n\n\n\n<li>Par\u00e1, 1,6%<\/li>\n\n\n\n<li>Esp\u00edrito Santo, 1,1%<\/li>\n\n\n\n<li>Amazonas, 0,9%<\/li>\n\n\n\n<li>Rio Grande do Sul, 0,5%<\/li>\n\n\n\n<li>Regi\u00e3o Nordeste, 0,5%<\/li>\n\n\n\n<li>Goi\u00e1s, 0,2%<\/li>\n<\/ul>\n\n\n\n<p><strong>Desses resultados, o que mais influenciou no \u00edndice nacional foi o Paran\u00e1, seguido por Pernambuco.<\/strong><\/p>\n\n\n\n<blockquote class=\"wp-block-quote is-layout-flow wp-block-quote-is-layout-flow\">\n<p>No acumulado de 12 meses, o IBGE identificou alta em 15 dos 18 locais pesquisados. A produ\u00e7\u00e3o nacional se expandiu 2,6%. A maior influ\u00eancia ficou com S\u00e3o Paulo, que cresceu a produ\u00e7\u00e3o em 2,6% no per\u00edodo, seguido por Santa Catarina, 7,7%. Os maiores impactos de baixa vieram do Rio de Janeiro (-1,5%) e do Esp\u00edrito Santo (-4,2%) respectivamente.<\/p>\n<\/blockquote>\n\n\n\n<p>Bruno de Freitas Moura &#8211; Rep\u00f3rter da Ag\u00eancia Brasil<br>Foto: \u00a9 Wilson Dias\/Ag\u00eancia Brasil<br><\/p>\n","protected":false},"excerpt":{"rendered":"<p>Sete dos 15 locais pesquisados pelo Instituto Brasileiro de Geografia e Estat\u00edstica (IBGE) apresentaram recuo<\/p>\n","protected":false},"author":2,"featured_media":102259,"comment_status":"open","ping_status":"open","sticky":false,"template":"","format":"standard","meta":{"footnotes":""},"categories":[1],"tags":[],"class_list":["post-102258","post","type-post","status-publish","format-standard","has-post-thumbnail","hentry","category-uncategorized"],"_links":{"self":[{"href":"https:\/\/tvc16.com\/portal\/wp-json\/wp\/v2\/posts\/102258","targetHints":{"allow":["GET"]}}],"collection":[{"href":"https:\/\/tvc16.com\/portal\/wp-json\/wp\/v2\/posts"}],"about":[{"href":"https:\/\/tvc16.com\/portal\/wp-json\/wp\/v2\/types\/post"}],"author":[{"embeddable":true,"href":"https:\/\/tvc16.com\/portal\/wp-json\/wp\/v2\/users\/2"}],"replies":[{"embeddable":true,"href":"https:\/\/tvc16.com\/portal\/wp-json\/wp\/v2\/comments?post=102258"}],"version-history":[{"count":1,"href":"https:\/\/tvc16.com\/portal\/wp-json\/wp\/v2\/posts\/102258\/revisions"}],"predecessor-version":[{"id":102260,"href":"https:\/\/tvc16.com\/portal\/wp-json\/wp\/v2\/posts\/102258\/revisions\/102260"}],"wp:featuredmedia":[{"embeddable":true,"href":"https:\/\/tvc16.com\/portal\/wp-json\/wp\/v2\/media\/102259"}],"wp:attachment":[{"href":"https:\/\/tvc16.com\/portal\/wp-json\/wp\/v2\/media?parent=102258"}],"wp:term":[{"taxonomy":"category","embeddable":true,"href":"https:\/\/tvc16.com\/portal\/wp-json\/wp\/v2\/categories?post=102258"},{"taxonomy":"post_tag","embeddable":true,"href":"https:\/\/tvc16.com\/portal\/wp-json\/wp\/v2\/tags?post=102258"}],"curies":[{"name":"wp","href":"https:\/\/api.w.org\/{rel}","templated":true}]}}