{"id":102275,"date":"2025-04-09T10:02:53","date_gmt":"2025-04-09T13:02:53","guid":{"rendered":"https:\/\/tvc16.com\/portal\/?p=102275"},"modified":"2025-04-09T10:02:55","modified_gmt":"2025-04-09T13:02:55","slug":"estado-lanca-programa-de-empreendedorismo-e-inovacao-sustentavel-que-atende-petropolis","status":"publish","type":"post","link":"https:\/\/tvc16.com\/portal\/2025\/04\/09\/estado-lanca-programa-de-empreendedorismo-e-inovacao-sustentavel-que-atende-petropolis\/","title":{"rendered":"Estado lan\u00e7a programa de empreendedorismo e inova\u00e7\u00e3o sustent\u00e1vel que atende Petr\u00f3polis"},"content":{"rendered":"\n<p><em>Edital selecionar\u00e1 projetos e startups que gerem melhorias socioambientais, renda, trabalho e bem-estar coletivoInscri\u00e7\u00f5es podem ser feitas at\u00e9 29 de abril<\/em><\/p>\n\n\n\n<p>Petr\u00f3polis est\u00e1 entre as localidades que recebe o Programa de apoio \u00e0 implanta\u00e7\u00e3o de Parques de Inova\u00e7\u00e3o Social, Tecnol\u00f3gico e Ambiental (Pista), lan\u00e7ado ter\u00e7a-feira (8.04) pelo Governo do Estado. O anuncio chega 10 dias ap\u00f3s a cidade receber o t\u00edtulo de Capital da Tecnologia. O objetivo do programa \u201cPista\u201d \u00e9 potencializar o empreendedorismo e inova\u00e7\u00e3o sustent\u00e1vel em comunidades. O projeto foi lan\u00e7ado ontem pelo governador Cl\u00e1udio Castro e pelo secret\u00e1rio do Ambiente e Sustentabilidade, Bernardo Rossi, na comunidade da Rocinha, umas das tr\u00eas localidades da capital, tamb\u00e9m beneficiadas pelo projeto. No total, R$ 42 milh\u00f5es ser\u00e3o destinados ao desenvolvimento e \u00e0 aplica\u00e7\u00e3o dos projetos.<\/p>\n\n\n\n<p>\u2014 O Pista traz o conceito de inova\u00e7\u00e3o sustent\u00e1vel que promove a gera\u00e7\u00e3o de renda e o fortalecimento de empreendimentos locais, tratando o territ\u00f3rio como um espa\u00e7o para o desenvolvimento de inova\u00e7\u00f5es a partir das realidades locais, com o objetivo de criar solu\u00e7\u00f5es, produtos e servi\u00e7os que possam ser potencializados e replicados\u2014diz Castro.<\/p>\n\n\n\n<p>\u2014 A iniciativa representa um compromisso concreto com a\u00e7\u00f5es sustent\u00e1veis e gera\u00e7\u00e3o de oportunidades, incentivando o desenvolvimento de forma equilibrada e respons\u00e1vel. Queremos fomentar iniciativas que melhorem a qualidade de vida da popula\u00e7\u00e3o\u2014conta o secret\u00e1rio de Estado do Ambiente e Sustentabilidade do Estado do Rio, Bernardo Rossi, lembrando o Programa ser\u00e1 implementado no bairro mais populoso de Petr\u00f3polis.<\/p>\n\n\n\n<p>O prefeito de Petr\u00f3polis destaca a import\u00e2ncia do Pista da cidade \u201c Nossa parceria com o estado vem sendo em todas as \u00e1reas. Esse programa ser\u00e1 implantado no Independ\u00eancia e traz uma oportunidade os empreendedores sustent\u00e1veis desenvolverem oportunidades para novos passos e se fortalecerem cada vez mais. Quero agradecer ao governador, Cl\u00e1udio Castro, e ao secret\u00e1rio Bernardo Rossi, por esse olhar pela nossa cidade\u201d, afirmou<\/p>\n\n\n\n<p>O programa \u00e9 uma parceria entre a Secretaria de Estado do Ambiente e Sustentabilidade e a Funda\u00e7\u00e3o Carlos Chagas Filho de Amparo \u00e0 Pesquisa do Estado do Rio (Faperj).<\/p>\n\n\n\n<p>Com uma metodologia inovadora e um modelo de governan\u00e7a compartilhada, o programa busca incentivar a acelera\u00e7\u00e3o de neg\u00f3cios cooperativos com impacto socioambiental, fortalecendo o papel das startups como agentes de transforma\u00e7\u00e3o social e tecnol\u00f3gica.<\/p>\n\n\n\n<p>Os interessados em participar da sele\u00e7\u00e3o podem consultar o edital completo no site da Faperj (https:\/\/www.faperj.br) e efetuar a inscri\u00e7\u00e3o pela internet at\u00e9 29 de abril.<\/p>\n\n\n\n<p>Entenda o Projeto Pista:<\/p>\n\n\n\n<p>Os recursos previstos s\u00e3o provenientes da Faperj e do Fundo Estadual de Conserva\u00e7\u00e3o Ambiental e Desenvolvimento Urbano (Fecam). A Faperj vai destinar R$ 21 milh\u00f5es para o financiamento dos projetos, sendo at\u00e9 R$ 4 milh\u00f5es destinados a cada uma das quatro comunidades da capital fluminense e at\u00e9 R$ 2 milh\u00f5es para as iniciativas da cidade de Petr\u00f3polis. Cada proposta individual poder\u00e1 solicitar at\u00e9 R$ 300 mil. Al\u00e9m disso, R$ 3 milh\u00f5es s\u00e3o destinados a projetos j\u00e1 aprovados na Rocinha em edital anterior.<\/p>\n\n\n\n<p>Os demais R$ 21 milh\u00f5es do Fecam ser\u00e3o destinados \u00e0 infraestrutura dos parques de inova\u00e7\u00e3o instalados dentro de cada comunidade, com estrutura\u00e7\u00e3o f\u00edsica dos espa\u00e7os e contrata\u00e7\u00e3o de profissionais qualificados para oferecer consultoria especializada.<\/p>\n\n\n\n<p>O Pista tem a parceria do Programa das Na\u00e7\u00f5es Unidas para o Desenvolvimento (PNUD), da ONU, a fim de fomentar um desenvolvimento equilibrado conforme os Objetivos de Desenvolvimento Sustent\u00e1vel da Agenda 2030 da ONU.<br>Com isso, o parque pretende se tornar uma refer\u00eancia em desenvolvimento de tecnologias com impacto socioambiental.<\/p>\n\n\n\n<p>A primeira edi\u00e7\u00e3o do Pista, realizada entre os anos de 2021 e 2022, teve 24 projetos selecionados e atendidos na Rocinha. \u00c0 \u00e9poca, os recursos somavam R$ 7,8 milh\u00f5es.<\/p>\n","protected":false},"excerpt":{"rendered":"<p>Edital selecionar\u00e1 projetos e startups que gerem melhorias socioambientais, renda, trabalho e bem-estar coletivoInscri\u00e7\u00f5es podem<\/p>\n","protected":false},"author":2,"featured_media":102276,"comment_status":"open","ping_status":"open","sticky":false,"template":"","format":"standard","meta":{"footnotes":""},"categories":[12],"tags":[],"class_list":["post-102275","post","type-post","status-publish","format-standard","has-post-thumbnail","hentry","category-cidade"],"_links":{"self":[{"href":"https:\/\/tvc16.com\/portal\/wp-json\/wp\/v2\/posts\/102275","targetHints":{"allow":["GET"]}}],"collection":[{"href":"https:\/\/tvc16.com\/portal\/wp-json\/wp\/v2\/posts"}],"about":[{"href":"https:\/\/tvc16.com\/portal\/wp-json\/wp\/v2\/types\/post"}],"author":[{"embeddable":true,"href":"https:\/\/tvc16.com\/portal\/wp-json\/wp\/v2\/users\/2"}],"replies":[{"embeddable":true,"href":"https:\/\/tvc16.com\/portal\/wp-json\/wp\/v2\/comments?post=102275"}],"version-history":[{"count":1,"href":"https:\/\/tvc16.com\/portal\/wp-json\/wp\/v2\/posts\/102275\/revisions"}],"predecessor-version":[{"id":102277,"href":"https:\/\/tvc16.com\/portal\/wp-json\/wp\/v2\/posts\/102275\/revisions\/102277"}],"wp:featuredmedia":[{"embeddable":true,"href":"https:\/\/tvc16.com\/portal\/wp-json\/wp\/v2\/media\/102276"}],"wp:attachment":[{"href":"https:\/\/tvc16.com\/portal\/wp-json\/wp\/v2\/media?parent=102275"}],"wp:term":[{"taxonomy":"category","embeddable":true,"href":"https:\/\/tvc16.com\/portal\/wp-json\/wp\/v2\/categories?post=102275"},{"taxonomy":"post_tag","embeddable":true,"href":"https:\/\/tvc16.com\/portal\/wp-json\/wp\/v2\/tags?post=102275"}],"curies":[{"name":"wp","href":"https:\/\/api.w.org\/{rel}","templated":true}]}}