{"id":102278,"date":"2025-04-10T06:00:00","date_gmt":"2025-04-10T09:00:00","guid":{"rendered":"https:\/\/tvc16.com\/portal\/?p=102278"},"modified":"2025-04-09T11:16:20","modified_gmt":"2025-04-09T14:16:20","slug":"camara-municipal-de-petropolis-institui-a-galeria-lilas-em-homenagem-as-vereadoras-da-cidade","status":"publish","type":"post","link":"https:\/\/tvc16.com\/portal\/2025\/04\/10\/camara-municipal-de-petropolis-institui-a-galeria-lilas-em-homenagem-as-vereadoras-da-cidade\/","title":{"rendered":"C\u00e2mara Municipal de Petr\u00f3polis institui a Galeria Lil\u00e1s em homenagem \u00e0s vereadoras da cidade"},"content":{"rendered":"\n<p>A C\u00e2mara Municipal de Petr\u00f3polis aprovou, nesta ter\u00e7a-feira (08), o projeto de resolu\u00e7\u00e3o que institui a &#8220;Galeria Lil\u00e1s&#8221;, um espa\u00e7o permanente dedicado \u00e0 homenagem \u00e0s mulheres que exerceram mandato como vereadoras titulares no munic\u00edpio. A iniciativa \u00e9 de autoria do presidente da Casa Legislativa, vereador J\u00fanior Coruja.<\/p>\n\n\n\n<p>A Galeria ser\u00e1 instalada em local vis\u00edvel e de livre circula\u00e7\u00e3o dentro da C\u00e2mara, com exposi\u00e7\u00e3o de fotografias das vereadoras eleitas ao longo da hist\u00f3ria do legislativo ,. O espa\u00e7o contar\u00e1 ainda com letreiros e placas de identifica\u00e7\u00e3o, real\u00e7ando a import\u00e2ncia e o legado de cada homenageada.<\/p>\n\n\n\n<p>Al\u00e9m da exposi\u00e7\u00e3o permanente, o projeto prev\u00ea a realiza\u00e7\u00e3o de um evento oficial de inaugura\u00e7\u00e3o, com a dignidade que a homenagem exige. O texto aprovado tamb\u00e9m autoriza a C\u00e2mara a firmar parcerias com institui\u00e7\u00f5es, empresas e profissionais para a oferta gratuita de servi\u00e7os voltados ao bem-estar das mulheres, como oficinas de beleza, cuidados com a pele, atendimento psicol\u00f3gico e nutricional, entre outros, especialmente durante o m\u00eas de mar\u00e7o, quando se celebra o m\u00eas da Mulher.<\/p>\n\n\n\n<p>Segundo o presidente J\u00fanior Coruja, o objetivo da Galeria Lil\u00e1s \u00e9 reconhecer e valorizar o papel das mulheres na pol\u00edtica local.&nbsp;<em>&#8220;As vereadoras que passaram por esta casa deixaram um legado de luta, representatividade e compromisso com a popula\u00e7\u00e3o. Essa homenagem \u00e9 tamb\u00e9m um incentivo para que mais mulheres ocupem esse espa\u00e7o de decis\u00e3o, t\u00e3o fundamental para a democracia&#8221;<\/em>, afirmou o parlamentar.<\/p>\n\n\n\n<p>A Galeria Lil\u00e1s se soma a outras iniciativas do legislativo petropolitano voltadas \u00e0 valoriza\u00e7\u00e3o da hist\u00f3ria e da diversidade no ambiente pol\u00edtico, refor\u00e7ando o compromisso da C\u00e2mara com a representatividade e a inclus\u00e3o.<\/p>\n","protected":false},"excerpt":{"rendered":"<p>A C\u00e2mara Municipal de Petr\u00f3polis aprovou, nesta ter\u00e7a-feira (08), o projeto de resolu\u00e7\u00e3o que institui<\/p>\n","protected":false},"author":2,"featured_media":86313,"comment_status":"open","ping_status":"open","sticky":false,"template":"","format":"standard","meta":{"footnotes":""},"categories":[12],"tags":[],"class_list":["post-102278","post","type-post","status-publish","format-standard","has-post-thumbnail","hentry","category-cidade"],"_links":{"self":[{"href":"https:\/\/tvc16.com\/portal\/wp-json\/wp\/v2\/posts\/102278","targetHints":{"allow":["GET"]}}],"collection":[{"href":"https:\/\/tvc16.com\/portal\/wp-json\/wp\/v2\/posts"}],"about":[{"href":"https:\/\/tvc16.com\/portal\/wp-json\/wp\/v2\/types\/post"}],"author":[{"embeddable":true,"href":"https:\/\/tvc16.com\/portal\/wp-json\/wp\/v2\/users\/2"}],"replies":[{"embeddable":true,"href":"https:\/\/tvc16.com\/portal\/wp-json\/wp\/v2\/comments?post=102278"}],"version-history":[{"count":1,"href":"https:\/\/tvc16.com\/portal\/wp-json\/wp\/v2\/posts\/102278\/revisions"}],"predecessor-version":[{"id":102279,"href":"https:\/\/tvc16.com\/portal\/wp-json\/wp\/v2\/posts\/102278\/revisions\/102279"}],"wp:featuredmedia":[{"embeddable":true,"href":"https:\/\/tvc16.com\/portal\/wp-json\/wp\/v2\/media\/86313"}],"wp:attachment":[{"href":"https:\/\/tvc16.com\/portal\/wp-json\/wp\/v2\/media?parent=102278"}],"wp:term":[{"taxonomy":"category","embeddable":true,"href":"https:\/\/tvc16.com\/portal\/wp-json\/wp\/v2\/categories?post=102278"},{"taxonomy":"post_tag","embeddable":true,"href":"https:\/\/tvc16.com\/portal\/wp-json\/wp\/v2\/tags?post=102278"}],"curies":[{"name":"wp","href":"https:\/\/api.w.org\/{rel}","templated":true}]}}