{"id":102286,"date":"2025-04-10T06:00:00","date_gmt":"2025-04-10T09:00:00","guid":{"rendered":"https:\/\/tvc16.com\/portal\/?p=102286"},"modified":"2025-04-09T11:21:48","modified_gmt":"2025-04-09T14:21:48","slug":"pintura-de-ovos-de-pascoa-oficina-com-tradicao-alema-sera-no-dia-18-de-abril-em-itaipava","status":"publish","type":"post","link":"https:\/\/tvc16.com\/portal\/2025\/04\/10\/pintura-de-ovos-de-pascoa-oficina-com-tradicao-alema-sera-no-dia-18-de-abril-em-itaipava\/","title":{"rendered":"Pintura de ovos de P\u00e1scoa: oficina com tradi\u00e7\u00e3o alem\u00e3 ser\u00e1 no dia 18 de abril em Itaipava"},"content":{"rendered":"\n<p>H\u00e1 dois s\u00e9culos, um simples costume se transformou em uma rica tradi\u00e7\u00e3o: a arte de pintar ovos de P\u00e1scoa, que une gera\u00e7\u00f5es em um ritual de criatividade e celebra\u00e7\u00e3o. Nesta edi\u00e7\u00e3o especial, fam\u00edlias se re\u00fanem para reviver essa pr\u00e1tica encantadora, que carrega a heran\u00e7a dos imigrantes alem\u00e3es. O encontro acontecer\u00e1 na charmosa Pra\u00e7a do Sol, do Shopping Vilarejo, com in\u00edcio marcado para quinta-feira, 18 de abril, \u00e0s 15h, com entrada franca.<\/p>\n\n\n\n<p>Durante a oficina, os participantes ter\u00e3o a oportunidade de explorar t\u00e9cnicas tradicionais na decora\u00e7\u00e3o de cascas de ovos, uma atividade que vai muito al\u00e9m do simples ato de pintar: ela simboliza a vida, a renova\u00e7\u00e3o e os la\u00e7os afetivos que unem pais, filhos, av\u00f3s e netos. A condu\u00e7\u00e3o ficar\u00e1 por conta de Elisabeth Graebner, descendente de alem\u00e3es, que compartilha com carinho a tradi\u00e7\u00e3o que foi passada de gera\u00e7\u00e3o em gera\u00e7\u00e3o em sua fam\u00edlia. \u201cEssa pr\u00e1tica sempre foi um momento m\u00e1gico para mim. \u00c9 quando a gente para tudo para estar junto, criar e lembrar do verdadeiro significado da P\u00e1scoa\u201d, afirma Elisabeth.<\/p>\n\n\n\n<p>Petr\u00f3polis, que celebra 180 anos da chegada dos primeiros colonos alem\u00e3es em 2025, continua a preservar suas ra\u00edzes culturais e a promover eventos que resgatam a mem\u00f3ria e os costumes locais. \u201c\u00c9 uma oportunidade \u00fanica de conectar a comunidade e de resgatar tradi\u00e7\u00f5es que enriquecem nossa hist\u00f3ria\u201d, destaca Tiago Corr\u00eaa, administrador do Shopping Vilarejo.<\/p>\n\n\n\n<p>A nova data \u2013 originalmente dia 05 de abril &#8211; &nbsp;foi definida em fun\u00e7\u00e3o das chuvas. E para tornar a experi\u00eancia de P\u00e1scoa ainda mais encantadora, nos dias 18, 19 e 20 de abril, a Pra\u00e7a do Sol tamb\u00e9m receber\u00e1 uma exposi\u00e7\u00e3o especial com coelhinhos do Rancho Quindins. Crian\u00e7as e adultos poder\u00e3o interagir gratuitamente com os animais, aliment\u00e1-los e conhecer de perto esses s\u00edmbolos t\u00e3o queridos da data. A iniciativa, al\u00e9m de divertida, promove o contato respeitoso com os bichinhos e refor\u00e7a o esp\u00edrito de celebra\u00e7\u00e3o, vida e afeto que marcam a P\u00e1scoa.<\/p>\n\n\n\n<p><strong>Servi\u00e7o: P\u00e1scoa no Vilarejo<\/strong>&nbsp;<img decoding=\"async\" alt=\"\ud83d\udc30\" src=\"https:\/\/fonts.gstatic.com\/s\/e\/notoemoji\/16.0\/1f430\/32.png\"><img decoding=\"async\" alt=\"\ud83c\udf6b\" src=\"https:\/\/fonts.gstatic.com\/s\/e\/notoemoji\/16.0\/1f36b\/32.png\"><\/p>\n\n\n\n<p><strong>Colorindo ovos para a P\u00e1scoa<\/strong>&nbsp;<img decoding=\"async\" alt=\"\ud83d\udc30\" src=\"https:\/\/fonts.gstatic.com\/s\/e\/notoemoji\/16.0\/1f430\/32.png\"><strong><\/strong><\/p>\n\n\n\n<p><img decoding=\"async\" alt=\"\ud83d\udcc5\" src=\"https:\/\/fonts.gstatic.com\/s\/e\/notoemoji\/16.0\/1f4c5\/32.png\">&nbsp;<strong>Data<\/strong>: 18 de abril<\/p>\n\n\n\n<p><img decoding=\"async\" alt=\"\ud83d\udd52\" src=\"https:\/\/fonts.gstatic.com\/s\/e\/notoemoji\/16.0\/1f552\/32.png\"><strong>&nbsp;Hor\u00e1rio:&nbsp;<\/strong>15h<\/p>\n\n\n\n<p><img decoding=\"async\" alt=\"\ud83c\udf9f\" src=\"https:\/\/fonts.gstatic.com\/s\/e\/notoemoji\/16.0\/1f39f\/32.png\">&nbsp;Evento gratuito | Livre para todas as idades<\/p>\n\n\n\n<p><strong>Coelhinhos na Pra\u00e7a do Sol&nbsp;<\/strong><strong><\/strong><\/p>\n\n\n\n<p><strong><\/strong><strong>&nbsp;Data:<\/strong>&nbsp;18, 19 e 20 de abril<br><strong><\/strong><strong>&nbsp;Hor\u00e1rio:&nbsp;<\/strong>durante o funcionamento do shopping<br><img decoding=\"async\" alt=\"\ud83c\udf9f\" src=\"https:\/\/fonts.gstatic.com\/s\/e\/notoemoji\/16.0\/1f39f\/32.png\">&nbsp;Evento gratuito | Livre para todas as idades<\/p>\n\n\n\n<p><img decoding=\"async\" alt=\"\ud83d\udccd\" src=\"https:\/\/fonts.gstatic.com\/s\/e\/notoemoji\/16.0\/1f4cd\/32.png\">&nbsp;<strong>Local<\/strong>: Pra\u00e7a do Sol &#8211; Shopping Vilarejo: Estrada Uni\u00e3o e Ind\u00fastria, 10.035 \u2013 Itaipava<br><\/p>\n\n\n\n<p><strong>Hor\u00e1rio de funcionamento do shopping:<\/strong><\/p>\n\n\n\n<ul class=\"wp-block-list\">\n<li><strong>Ter\u00e7a-feira<\/strong>: 14h \u00e0s 19h<\/li>\n\n\n\n<li><strong>Quarta a Sexta-feira<\/strong>: 10h \u00e0s 19h<\/li>\n\n\n\n<li><strong>S\u00e1bado<\/strong>: 10h \u00e0s 20h<\/li>\n\n\n\n<li><strong>Domingo<\/strong>: 10h \u00e0s 18h<\/li>\n<\/ul>\n\n\n\n<p><img decoding=\"async\" alt=\"\ud83d\udcf2\" src=\"https:\/\/fonts.gstatic.com\/s\/e\/notoemoji\/16.0\/1f4f2\/32.png\">&nbsp;<strong>Mais informa\u00e7\u00f5es<\/strong>: @shoppingvilarejo no Instagram<\/p>\n","protected":false},"excerpt":{"rendered":"<p>H\u00e1 dois s\u00e9culos, um simples costume se transformou em uma rica tradi\u00e7\u00e3o: a arte de<\/p>\n","protected":false},"author":2,"featured_media":102287,"comment_status":"open","ping_status":"open","sticky":false,"template":"","format":"standard","meta":{"footnotes":""},"categories":[12],"tags":[],"class_list":["post-102286","post","type-post","status-publish","format-standard","has-post-thumbnail","hentry","category-cidade"],"_links":{"self":[{"href":"https:\/\/tvc16.com\/portal\/wp-json\/wp\/v2\/posts\/102286","targetHints":{"allow":["GET"]}}],"collection":[{"href":"https:\/\/tvc16.com\/portal\/wp-json\/wp\/v2\/posts"}],"about":[{"href":"https:\/\/tvc16.com\/portal\/wp-json\/wp\/v2\/types\/post"}],"author":[{"embeddable":true,"href":"https:\/\/tvc16.com\/portal\/wp-json\/wp\/v2\/users\/2"}],"replies":[{"embeddable":true,"href":"https:\/\/tvc16.com\/portal\/wp-json\/wp\/v2\/comments?post=102286"}],"version-history":[{"count":1,"href":"https:\/\/tvc16.com\/portal\/wp-json\/wp\/v2\/posts\/102286\/revisions"}],"predecessor-version":[{"id":102288,"href":"https:\/\/tvc16.com\/portal\/wp-json\/wp\/v2\/posts\/102286\/revisions\/102288"}],"wp:featuredmedia":[{"embeddable":true,"href":"https:\/\/tvc16.com\/portal\/wp-json\/wp\/v2\/media\/102287"}],"wp:attachment":[{"href":"https:\/\/tvc16.com\/portal\/wp-json\/wp\/v2\/media?parent=102286"}],"wp:term":[{"taxonomy":"category","embeddable":true,"href":"https:\/\/tvc16.com\/portal\/wp-json\/wp\/v2\/categories?post=102286"},{"taxonomy":"post_tag","embeddable":true,"href":"https:\/\/tvc16.com\/portal\/wp-json\/wp\/v2\/tags?post=102286"}],"curies":[{"name":"wp","href":"https:\/\/api.w.org\/{rel}","templated":true}]}}