{"id":102289,"date":"2025-04-10T05:00:00","date_gmt":"2025-04-10T08:00:00","guid":{"rendered":"https:\/\/tvc16.com\/portal\/?p=102289"},"modified":"2025-04-09T11:23:43","modified_gmt":"2025-04-09T14:23:43","slug":"4a-edicao-do-id-rio-chega-a-petropolis-com-empreendedorismo-economia-criativa-desfiles-e-gastronomia-no-palacio-de-cristal","status":"publish","type":"post","link":"https:\/\/tvc16.com\/portal\/2025\/04\/10\/4a-edicao-do-id-rio-chega-a-petropolis-com-empreendedorismo-economia-criativa-desfiles-e-gastronomia-no-palacio-de-cristal\/","title":{"rendered":"4\u00aa edi\u00e7\u00e3o do ID Rio chega \u00e0 Petr\u00f3polis com empreendedorismo, economia criativa, desfiles e gastronomia no Pal\u00e1cio de Cristal"},"content":{"rendered":"\n<p><strong><em>Evento que celebra o empreendedorismo da moda petropolitana come\u00e7a nesta sexta-feira (11) e tem entrada gratuita.<\/em><\/strong><\/p>\n\n\n\n<p>A cidade de Petr\u00f3polis ser\u00e1 o ponto de partida para a 4\u00aa edi\u00e7\u00e3o do ID:Rio Festival, que este ano refor\u00e7a seu papel como uma das principais plataformas de fomento ao empreendedorismo criativo no estado do Rio de Janeiro. De 11 a 13 de abril, o Pal\u00e1cio de Cristal ser\u00e1 palco de uma intensa programa\u00e7\u00e3o gratuita, com desfiles autorais e colaborativos, palestras, mostra gastron\u00f4mica, al\u00e9m de uma feira de moda e design que valoriza a produ\u00e7\u00e3o local e regional.<\/p>\n\n\n\n<p>Patrocinado pela Enel, a etapa petropolitana marca a estreia do festival em 2025 e traz uma edi\u00e7\u00e3o pocket do ID:Rio Fashion Fair, mercado criativo com 20 marcas e designers locais. Com a proposta \u201csee now, buy now\u201d (veja agora, compre agora), os expositores apresentam ao p\u00fablico produtos autorais e sustent\u00e1veis, refor\u00e7ando a conex\u00e3o entre moda, inova\u00e7\u00e3o e consumo consciente.<\/p>\n\n\n\n<p>A abertura oficial acontece nesta sexta-feira (11), \u00e0s 17h, com a palestra \u201cInova Moda Digital\u201d, promovida pelo Senai dentro da jornada de conhecimento Enel Summit. Em seguida, o p\u00fablico poder\u00e1 assistir aos primeiros desfiles da temporada, com destaque para o coletivo Errejota Collab e marcas da tradicional Rua Teresa \u2013 importante polo confeccionista da cidade.<\/p>\n\n\n\n<p>\u201cMais uma vez, comemoramos a escolha da Rua Teresa como protagonista do ID:Rio&nbsp;25&nbsp;em Petr\u00f3polis. Somos destaque no segmento de moda do estado e respons\u00e1veis pela gera\u00e7\u00e3o de emprego de centenas de pessoas. A Rua Teresa \u00e9 reconhecida por lan\u00e7ar novidades e pela qualidade de nossas cria\u00e7\u00f5es. \u00c9 uma honra poder mostrar o talento petropolitano em um evento t\u00e3o importante\u201d, destaca Denise Fiorini, presidente da Associa\u00e7\u00e3o da Rua Teresa (Arte).<\/p>\n\n\n\n<p>No s\u00e1bado (12), os holofotes se voltam para a moda autoral e experimental, com desfiles do Senai Nova Friburgo e de marcas dos polos produtivos do Bingen e de Itaipava, que revelam a diversidade e a for\u00e7a criativa da regi\u00e3o serrana.<\/p>\n\n\n\n<p>A feira Deguste e o mercado criativo acontecem de sexta a domingo, a partir das 14h, nos jardins do Pal\u00e1cio de Cristal.<\/p>\n\n\n\n<p><strong>Em expans\u00e3o<\/strong><\/p>\n\n\n\n<p>De acordo com os dados da Secretaria de Estado de Desenvolvimento Econ\u00f4mico, Ind\u00fastria, Com\u00e9rcio e Servi\u00e7os (SEDEICS) do Rio de Janeiro,&nbsp;pequenas e m\u00e9dias empresas do varejo online&nbsp;faturaram R$ 356,5 milh\u00f5es em 2024, um crescimento de 43% em rela\u00e7\u00e3o a 2023.&nbsp;Desse total, o mercado da moda liderou o ranking, com R$ 125 milh\u00f5es, seguido por acess\u00f3rios (R$ 40,5 milh\u00f5es), joias (R$ 19 milh\u00f5es) e sa\u00fade e beleza (R$ 14 milh\u00f5es).<\/p>\n\n\n\n<p>Para o&nbsp;diretor geral do Festival, Cl\u00e1udio Silveira, o ID:Rio atua como importante ferramenta no fomento econ\u00f4mico e impulsionamento do mercado da moda.<\/p>\n\n\n\n<p>\u201cO compromisso sempre foi o de incentivar atitudes inovadoras para<br>toda a ind\u00fastria criativa no estado, promovendo o desenvolvimento de cidades atrav\u00e9s de uma economia ainda mais inteligente, com especial aten\u00e7\u00e3o para o<br>microempreendedorismo\u201d, disse.<\/p>\n\n\n\n<p>Patrocinadora oficial do evento, a Enel tamb\u00e9m aposta no mercado que se mostra em constante expans\u00e3o no estado.<\/p>\n\n\n\n<p><strong>\u201cA Enel aposta em iniciativas como ID:Rio, que fortalecem a cadeia produtiva local, impulsionam o empreendedorismo e valorizam os pequenos produtores, contribuindo uma sociedade mais inclusiva&#8221;, destaca H\u00e9lio Muniz, Diretor de Comunica\u00e7\u00e3o da Enel.<\/strong><\/p>\n\n\n\n<p><strong><u>Servi\u00e7o:<\/u><\/strong><\/p>\n\n\n\n<p><strong>ID:Rio Festival 2025 \u2013 Etapa Petr\u00f3polis<\/strong><\/p>\n\n\n\n<p>Local: R. Alfredo Pach\u00e1, s\/n &#8211; Centro, Pal\u00e1cio de Cristal, em Petr\u00f3polis.<br>Data: 11 a 13 de abril<br>Entrada gratuita<br><\/p>\n\n\n\n<p><strong>Programa\u00e7\u00e3o:<\/strong><\/p>\n\n\n\n<p><strong>11\/04 \u2013 Sexta-feira<\/strong><br>14h \u2013 Abertura Feira Deguste e Mercado Criativo Errejota Collab<br>17h \u2013 Abertura Oficial do ID:Rio Petr\u00f3polis 2025<br>Programa\u00e7\u00e3o Enel Summit<br>17h \u2013 Palestra Inova Moda Digital (Senai)<br>18h \u2013 Desfiles Errejota Collab e Rua Teresa<\/p>\n\n\n\n<p><strong>12\/04 \u2013 S\u00e1bado<\/strong><br>14h \u2013 Abertura Feira Deguste e Mercado Criativo Errejota Collab<br>18h \u2013 Desfiles: Senai Nova Friburgo + Moda Petr\u00f3polis (Bingen e Itaipava)<\/p>\n\n\n\n<p><strong>13\/04 \u2013 Domingo<\/strong><br>14h \u00e0s 20h \u2013 Feira Deguste e Mercado Criativo Errejota Collab<\/p>\n\n\n\n<p><strong>Sobre a Enel Distribui\u00e7\u00e3o Rio<\/strong><\/p>\n\n\n\n<p>A Enel Distribui\u00e7\u00e3o Rio atende 66 munic\u00edpios do estado do Rio de Janeiro, abrangendo 73% do territ\u00f3rio estadual, com cobertura de uma \u00e1rea de 32.188 km\u00b2. A Regi\u00e3o Metropolitana de Niter\u00f3i e S\u00e3o Gon\u00e7alo e os munic\u00edpios de Itabora\u00ed e Mag\u00e9 representam a maior concentra\u00e7\u00e3o do total de 3 milh\u00f5es de clientes atendidos pela companhia.<\/p>\n","protected":false},"excerpt":{"rendered":"<p>Evento que celebra o empreendedorismo da moda petropolitana come\u00e7a nesta sexta-feira (11) e tem entrada<\/p>\n","protected":false},"author":2,"featured_media":102290,"comment_status":"open","ping_status":"open","sticky":false,"template":"","format":"standard","meta":{"footnotes":""},"categories":[12],"tags":[],"class_list":["post-102289","post","type-post","status-publish","format-standard","has-post-thumbnail","hentry","category-cidade"],"_links":{"self":[{"href":"https:\/\/tvc16.com\/portal\/wp-json\/wp\/v2\/posts\/102289","targetHints":{"allow":["GET"]}}],"collection":[{"href":"https:\/\/tvc16.com\/portal\/wp-json\/wp\/v2\/posts"}],"about":[{"href":"https:\/\/tvc16.com\/portal\/wp-json\/wp\/v2\/types\/post"}],"author":[{"embeddable":true,"href":"https:\/\/tvc16.com\/portal\/wp-json\/wp\/v2\/users\/2"}],"replies":[{"embeddable":true,"href":"https:\/\/tvc16.com\/portal\/wp-json\/wp\/v2\/comments?post=102289"}],"version-history":[{"count":1,"href":"https:\/\/tvc16.com\/portal\/wp-json\/wp\/v2\/posts\/102289\/revisions"}],"predecessor-version":[{"id":102291,"href":"https:\/\/tvc16.com\/portal\/wp-json\/wp\/v2\/posts\/102289\/revisions\/102291"}],"wp:featuredmedia":[{"embeddable":true,"href":"https:\/\/tvc16.com\/portal\/wp-json\/wp\/v2\/media\/102290"}],"wp:attachment":[{"href":"https:\/\/tvc16.com\/portal\/wp-json\/wp\/v2\/media?parent=102289"}],"wp:term":[{"taxonomy":"category","embeddable":true,"href":"https:\/\/tvc16.com\/portal\/wp-json\/wp\/v2\/categories?post=102289"},{"taxonomy":"post_tag","embeddable":true,"href":"https:\/\/tvc16.com\/portal\/wp-json\/wp\/v2\/tags?post=102289"}],"curies":[{"name":"wp","href":"https:\/\/api.w.org\/{rel}","templated":true}]}}