{"id":102292,"date":"2025-04-11T06:00:00","date_gmt":"2025-04-11T09:00:00","guid":{"rendered":"https:\/\/tvc16.com\/portal\/?p=102292"},"modified":"2025-04-09T11:42:27","modified_gmt":"2025-04-09T14:42:27","slug":"bazar-solidario-da-creche-sao-jose-do-itamarati-renove-seu-lar-e-guarda-roupa-enquanto-ajuda-uma-causa-especial","status":"publish","type":"post","link":"https:\/\/tvc16.com\/portal\/2025\/04\/11\/bazar-solidario-da-creche-sao-jose-do-itamarati-renove-seu-lar-e-guarda-roupa-enquanto-ajuda-uma-causa-especial\/","title":{"rendered":"Bazar Solid\u00e1rio da Creche S\u00e3o Jos\u00e9 do Itamarati: renove seu lar e guarda-roupa enquanto ajuda uma causa especial"},"content":{"rendered":"\n<p>A Creche S\u00e3o Jos\u00e9 do Itamarati, que atende mais de 130 crian\u00e7as na Educa\u00e7\u00e3o Infantil, promove um bazar solid\u00e1rio no dia 12 de abril, das 8h \u00e0s 16h, na Rua Quissam\u00e3, 2012 \u2013 Petr\u00f3polis.<\/p>\n\n\n\n<p>O evento \u00e9 uma oportunidade para a comunidade colaborar com a manuten\u00e7\u00e3o da creche. Os recursos arrecadados ajudam a garantir alimenta\u00e7\u00e3o, educa\u00e7\u00e3o de qualidade e um ambiente acolhedor para os pequenos.<\/p>\n\n\n\n<p>No bazar, os visitantes encontrar\u00e3o roupas usadas em \u00f3timo estado, al\u00e9m de itens de cama, mesa, banho e utens\u00edlios de cozinha. Tudo a pre\u00e7os acess\u00edveis, com pagamento em dinheiro ou PIX. \u00c9 importante ressaltar que n\u00e3o ser\u00e3o aceitas trocas ou devolu\u00e7\u00f5es.<\/p>\n\n\n\n<p>Participe e fa\u00e7a a diferen\u00e7a! Sua colabora\u00e7\u00e3o \u00e9 essencial para manter viva a miss\u00e3o da Creche S\u00e3o Jos\u00e9 do Itamarati.<\/p>\n\n\n\n<p>Servi\u00e7o:<br>Data: 12 de abril<br>Hor\u00e1rio: Das 8h \u00e0s 16h<br>Local: Rua Quissam\u00e3, 2012 \u2013 Petr\u00f3polis<br>Formas de pagamento: Dinheiro e PIX<br>Informa\u00e7\u00f5es adicionais: N\u00e3o haver\u00e1 trocas ou devolu\u00e7\u00f5es.<\/p>\n","protected":false},"excerpt":{"rendered":"<p>A Creche S\u00e3o Jos\u00e9 do Itamarati, que atende mais de 130 crian\u00e7as na Educa\u00e7\u00e3o Infantil,<\/p>\n","protected":false},"author":2,"featured_media":102293,"comment_status":"open","ping_status":"open","sticky":false,"template":"","format":"standard","meta":{"footnotes":""},"categories":[12],"tags":[],"class_list":["post-102292","post","type-post","status-publish","format-standard","has-post-thumbnail","hentry","category-cidade"],"_links":{"self":[{"href":"https:\/\/tvc16.com\/portal\/wp-json\/wp\/v2\/posts\/102292","targetHints":{"allow":["GET"]}}],"collection":[{"href":"https:\/\/tvc16.com\/portal\/wp-json\/wp\/v2\/posts"}],"about":[{"href":"https:\/\/tvc16.com\/portal\/wp-json\/wp\/v2\/types\/post"}],"author":[{"embeddable":true,"href":"https:\/\/tvc16.com\/portal\/wp-json\/wp\/v2\/users\/2"}],"replies":[{"embeddable":true,"href":"https:\/\/tvc16.com\/portal\/wp-json\/wp\/v2\/comments?post=102292"}],"version-history":[{"count":1,"href":"https:\/\/tvc16.com\/portal\/wp-json\/wp\/v2\/posts\/102292\/revisions"}],"predecessor-version":[{"id":102294,"href":"https:\/\/tvc16.com\/portal\/wp-json\/wp\/v2\/posts\/102292\/revisions\/102294"}],"wp:featuredmedia":[{"embeddable":true,"href":"https:\/\/tvc16.com\/portal\/wp-json\/wp\/v2\/media\/102293"}],"wp:attachment":[{"href":"https:\/\/tvc16.com\/portal\/wp-json\/wp\/v2\/media?parent=102292"}],"wp:term":[{"taxonomy":"category","embeddable":true,"href":"https:\/\/tvc16.com\/portal\/wp-json\/wp\/v2\/categories?post=102292"},{"taxonomy":"post_tag","embeddable":true,"href":"https:\/\/tvc16.com\/portal\/wp-json\/wp\/v2\/tags?post=102292"}],"curies":[{"name":"wp","href":"https:\/\/api.w.org\/{rel}","templated":true}]}}