{"id":102298,"date":"2025-04-14T10:00:00","date_gmt":"2025-04-14T13:00:00","guid":{"rendered":"https:\/\/tvc16.com\/portal\/?p=102298"},"modified":"2025-04-12T01:13:32","modified_gmt":"2025-04-12T04:13:32","slug":"inscricoes-para-corrida-do-trabalhador-abrem-nesta-segunda-feira-14","status":"publish","type":"post","link":"https:\/\/tvc16.com\/portal\/2025\/04\/14\/inscricoes-para-corrida-do-trabalhador-abrem-nesta-segunda-feira-14\/","title":{"rendered":"Inscri\u00e7\u00f5es para Corrida do Trabalhador abrem nesta segunda-feira (14)"},"content":{"rendered":"\n<p><em>Este ano, a prova conta com tr\u00eas dias de inscri\u00e7\u00f5es<\/em><\/p>\n\n\n\n<p>Faltando menos de um m\u00eas para a corrida mais tradicional de Petr\u00f3polis, os corredores j\u00e1 podem se preparar. As inscri\u00e7\u00f5es para a Corrida do Trabalhador ser\u00e3o abertas nesta segunda-feira (14). A prova acontece durante o feriado no dia 1\u00ba de maio, a partir das 7h30 com largada na Rua Alfredo Pach\u00e1.<\/p>\n\n\n\n<p>\u201cEsse \u00e9 um dos principais eventos esportivos de Petr\u00f3polis e estamos ansiosos para realizar uma excelente corrida. Sabemos da tradi\u00e7\u00e3o do esporte na cidade e queremos oferecer a todos os atletas a melhor prova poss\u00edvel\u201d, disse o prefeito Hingo Hammes.<\/p>\n\n\n\n<p>Ao todo ser\u00e3o mil inscri\u00e7\u00f5es divididas em tr\u00eas dias. Na segunda-feira (14), as inscri\u00e7\u00f5es ser\u00e3o abertas online. J\u00e1 na ter\u00e7a e quarta (15 e 16 de abril), as inscri\u00e7\u00f5es ser\u00e3o feitas presencialmente na sede da secretaria de Esportes.<\/p>\n\n\n\n<p>\u201cQueremos oferecer oportunidades para que todos os corredores possam participar da prova. Esse \u00e9 um evento com uma ades\u00e3o enorme e estamos pensando na melhor forma de oferecer oportunidade para todos\u201d, explica o secret\u00e1rio de Esportes Leandro Kronenberger.<\/p>\n\n\n\n<p>Ranking de corridas<\/p>\n\n\n\n<p>A Corrida do Trabalhador ser\u00e1 a segunda etapa do Ranking de Corridas anual. A competi\u00e7\u00e3o iniciou no dia 13 de mar\u00e7o com a corrida Petr\u00f3polis-Itaipava. Al\u00e9m da Corrida do Trabalhador, o Ranking conta com mais seis provas at\u00e9 novembro.<\/p>\n","protected":false},"excerpt":{"rendered":"<p>Este ano, a prova conta com tr\u00eas dias de inscri\u00e7\u00f5es Faltando menos de um m\u00eas<\/p>\n","protected":false},"author":2,"featured_media":58123,"comment_status":"open","ping_status":"open","sticky":false,"template":"","format":"standard","meta":{"footnotes":""},"categories":[12],"tags":[],"class_list":["post-102298","post","type-post","status-publish","format-standard","has-post-thumbnail","hentry","category-cidade"],"_links":{"self":[{"href":"https:\/\/tvc16.com\/portal\/wp-json\/wp\/v2\/posts\/102298","targetHints":{"allow":["GET"]}}],"collection":[{"href":"https:\/\/tvc16.com\/portal\/wp-json\/wp\/v2\/posts"}],"about":[{"href":"https:\/\/tvc16.com\/portal\/wp-json\/wp\/v2\/types\/post"}],"author":[{"embeddable":true,"href":"https:\/\/tvc16.com\/portal\/wp-json\/wp\/v2\/users\/2"}],"replies":[{"embeddable":true,"href":"https:\/\/tvc16.com\/portal\/wp-json\/wp\/v2\/comments?post=102298"}],"version-history":[{"count":2,"href":"https:\/\/tvc16.com\/portal\/wp-json\/wp\/v2\/posts\/102298\/revisions"}],"predecessor-version":[{"id":102487,"href":"https:\/\/tvc16.com\/portal\/wp-json\/wp\/v2\/posts\/102298\/revisions\/102487"}],"wp:featuredmedia":[{"embeddable":true,"href":"https:\/\/tvc16.com\/portal\/wp-json\/wp\/v2\/media\/58123"}],"wp:attachment":[{"href":"https:\/\/tvc16.com\/portal\/wp-json\/wp\/v2\/media?parent=102298"}],"wp:term":[{"taxonomy":"category","embeddable":true,"href":"https:\/\/tvc16.com\/portal\/wp-json\/wp\/v2\/categories?post=102298"},{"taxonomy":"post_tag","embeddable":true,"href":"https:\/\/tvc16.com\/portal\/wp-json\/wp\/v2\/tags?post=102298"}],"curies":[{"name":"wp","href":"https:\/\/api.w.org\/{rel}","templated":true}]}}