{"id":102300,"date":"2025-04-13T19:02:00","date_gmt":"2025-04-13T22:02:00","guid":{"rendered":"https:\/\/tvc16.com\/portal\/?p=102300"},"modified":"2025-04-12T00:46:03","modified_gmt":"2025-04-12T03:46:03","slug":"70-eventos-ao-longo-do-ano-prefeitura-apresenta-calendario-integrado-de-eventos","status":"publish","type":"post","link":"https:\/\/tvc16.com\/portal\/2025\/04\/13\/70-eventos-ao-longo-do-ano-prefeitura-apresenta-calendario-integrado-de-eventos\/","title":{"rendered":"70 eventos ao longo do ano: Prefeitura apresenta calend\u00e1rio integrado de eventos"},"content":{"rendered":"\n<p><em>Evento aconteceu na \u00faltima quinta-feira (03\/04) com a presen\u00e7a do secret\u00e1rio Estadual de Turismo, Gustavo Tutuca, e representantes do setor<\/em><\/p>\n\n\n\n<p>O calend\u00e1rio integrado de eventos foi apresentado pela Prefeitura de Petr\u00f3polis em solenidade no Pal\u00e1cio Quitandinha, na \u00faltima quinta-feira (03\/04). Cultura, artes e esporte em um calend\u00e1rio \u00fanico com o objetivo de promover o turismo e fortalecer a economia da cidade.<\/p>\n\n\n\n<p>&#8220;S\u00e3o diversas atividades de lazer, esporte e cultura para desenvolver ainda mais nossos eventos. O compromisso tamb\u00e9m \u00e9 ampliar nossas festas. E temos novidades para esse ano, Festa da P\u00e1scoa e a volta da Exposi\u00e7\u00e3o. Vamos trabalhar para desenvolver o turismo ainda mais&#8221;, destacou o prefeito Hingo Hammes.<\/p>\n\n\n\n<p>O evento reuniu o trade tur\u00edstico, influenciadores, empres\u00e1rios e entidades que movimentam o turismo de Petr\u00f3polis. &#8220;Temos um milh\u00e3o de reais para patrocinar o turismo de Petr\u00f3polis. Temos o trabalho de restaurar a cidade com todo o apoio do governador. Esse \u00e9 um momento hist\u00f3rico que devemos celebrar&#8221;, anunciou o secret\u00e1rio de Estado de Turismo, Gustavo Tutuca.<\/p>\n\n\n\n<p>&#8220;Turismo se faz com atrativos e com um calend\u00e1rio de eventos. Vamos divulgar esse calend\u00e1rio e ter um ano ainda melhor para o turismo&#8221;, ressaltou o presidente do TurisRio, S\u00e9rgio Ricardo.<\/p>\n\n\n\n<p>O calend\u00e1rio com cerca de 70 eventos est\u00e1 dispon\u00edvel no site da Prefeitura (petropolis.rj.gov.br). &#8220;Apresentar esse calend\u00e1rio integrado \u00e9 algo in\u00e9dito na cidade. Isso \u00e9 pertencimento e oportunizar que os petropolitanos e turistas possam vivenciar isso&#8221;, frisou o secret\u00e1rio municipal de Turismo, Pablo Kling.<\/p>\n\n\n\n<p>Tamb\u00e9m participaram do evento o deputado estadual S\u00e9rgio Fernandes e os secret\u00e1rios municipais Adenilson Honorato (Cultura) e Leonardo Kronemberger (Esportes).<\/p>\n\n\n\n<p>Petr\u00f3polis re\u00fane guias de turismo para apresentar o calend\u00e1rio e a import\u00e2ncia da divulga\u00e7\u00e3o positiva da cidade<\/p>\n\n\n\n<p>Cerca de 50 guias de turismo participaram de uma reuni\u00e3o na Prefeitura para conhecer o calend\u00e1rio integrado de eventos e discutir a import\u00e2ncia da divulga\u00e7\u00e3o positiva da cidade. O encontro aconteceu esta semana na Casa dos Conselhos Municipais Augusto Angelo Zanatta.<\/p>\n\n\n\n<p>&#8220;Nosso objetivo \u00e9 explorar estrat\u00e9gias concretas, recuperar as comunidades, recuperar a confian\u00e7a dos turistas e fortalecer a imagem da cidade&#8221;, destacou o secret\u00e1rio de Turismo, Pablo Kling. &#8220;A cidade est\u00e1 se recuperando, a atua\u00e7\u00e3o da Prefeitura foi r\u00e1pida e eficiente na resposta \u00e0s chuvas&#8221;, concluiu o secret\u00e1rio.<\/p>\n","protected":false},"excerpt":{"rendered":"<p>Evento aconteceu na \u00faltima quinta-feira (03\/04) com a presen\u00e7a do secret\u00e1rio Estadual de Turismo, Gustavo<\/p>\n","protected":false},"author":2,"featured_media":102301,"comment_status":"open","ping_status":"open","sticky":false,"template":"","format":"standard","meta":{"footnotes":""},"categories":[12],"tags":[],"class_list":["post-102300","post","type-post","status-publish","format-standard","has-post-thumbnail","hentry","category-cidade"],"_links":{"self":[{"href":"https:\/\/tvc16.com\/portal\/wp-json\/wp\/v2\/posts\/102300","targetHints":{"allow":["GET"]}}],"collection":[{"href":"https:\/\/tvc16.com\/portal\/wp-json\/wp\/v2\/posts"}],"about":[{"href":"https:\/\/tvc16.com\/portal\/wp-json\/wp\/v2\/types\/post"}],"author":[{"embeddable":true,"href":"https:\/\/tvc16.com\/portal\/wp-json\/wp\/v2\/users\/2"}],"replies":[{"embeddable":true,"href":"https:\/\/tvc16.com\/portal\/wp-json\/wp\/v2\/comments?post=102300"}],"version-history":[{"count":1,"href":"https:\/\/tvc16.com\/portal\/wp-json\/wp\/v2\/posts\/102300\/revisions"}],"predecessor-version":[{"id":102302,"href":"https:\/\/tvc16.com\/portal\/wp-json\/wp\/v2\/posts\/102300\/revisions\/102302"}],"wp:featuredmedia":[{"embeddable":true,"href":"https:\/\/tvc16.com\/portal\/wp-json\/wp\/v2\/media\/102301"}],"wp:attachment":[{"href":"https:\/\/tvc16.com\/portal\/wp-json\/wp\/v2\/media?parent=102300"}],"wp:term":[{"taxonomy":"category","embeddable":true,"href":"https:\/\/tvc16.com\/portal\/wp-json\/wp\/v2\/categories?post=102300"},{"taxonomy":"post_tag","embeddable":true,"href":"https:\/\/tvc16.com\/portal\/wp-json\/wp\/v2\/tags?post=102300"}],"curies":[{"name":"wp","href":"https:\/\/api.w.org\/{rel}","templated":true}]}}