{"id":102303,"date":"2025-04-09T11:51:52","date_gmt":"2025-04-09T14:51:52","guid":{"rendered":"https:\/\/tvc16.com\/portal\/?p=102303"},"modified":"2025-04-09T11:51:54","modified_gmt":"2025-04-09T14:51:54","slug":"mprj-visita-centro-de-inteligencia-em-saude-que-monitora-filas-e-vagas-no-estado","status":"publish","type":"post","link":"https:\/\/tvc16.com\/portal\/2025\/04\/09\/mprj-visita-centro-de-inteligencia-em-saude-que-monitora-filas-e-vagas-no-estado\/","title":{"rendered":"MPRJ visita Centro de Intelig\u00eancia em Sa\u00fade que monitora filas e vagas no estado"},"content":{"rendered":"\n<p>O Minist\u00e9rio P\u00fablico do Estado do Rio de Janeiro (MPRJ) realizou uma visita ao Centro de Intelig\u00eancia em Sa\u00fade do Estado (CIS-RJ) para acompanhar o monitoramento em tempo real das informa\u00e7\u00f5es de sa\u00fade realizado no local. O centro oferece um panorama abrangente dos dados da regula\u00e7\u00e3o estadual de vagas, de consultas e procedimentos, al\u00e9m de informa\u00e7\u00f5es consolidadas sobre sa\u00fade coletiva e incid\u00eancia de doen\u00e7as. Participaram da visita a coordenadora do Centro de Apoio Operacional (CAO Sa\u00fade\/MPRJ), Denise Vidal; o titular da 3\u00aa Promotoria de Sa\u00fade da Capital, Daniel Lima Ribeiro; e a procuradora de Justi\u00e7a Anabelle Macedo.<\/p>\n\n\n\n<p>De acordo com os promotores, esses dados s\u00e3o fundamentais para o planejamento e a execu\u00e7\u00e3o das pol\u00edticas p\u00fablicas de sa\u00fade, cuja fiscaliza\u00e7\u00e3o, na cidade do Rio, \u00e9 atribui\u00e7\u00e3o da 3\u00aa Promotoria de Justi\u00e7a de Tutela Coletiva da Sa\u00fade. Durante a visita, foi discutido um indicador importante que vem sendo monitorado pela Central de Regula\u00e7\u00e3o: o absente\u00edsmo, que \u00e9 a falta de comparecimento de pacientes \u00e0s consultas agendadas. Os promotores identificaram que, atualmente, esse \u00edndice chega a 35% dos servi\u00e7os oferecidos pela central. Segundo a coordenadora do CAO Sa\u00fade, o dado \u00e9 preocupante, pois a falta dos pacientes prejudica n\u00e3o apenas o atendimento a eles, mas tamb\u00e9m impede que outras pessoas, que aguardam na fila, sejam atendidas, al\u00e9m de reduzir as ofertas de servi\u00e7os especializados e acesso a recursos mais demandados.<\/p>\n\n\n\n<p>Os representantes da Secretaria de Estado de Sa\u00fade (SES) relataram aos membros do MPRJ que est\u00e3o empenhados em compreender as causas das aus\u00eancias, tendo j\u00e1 detectado uma poss\u00edvel falha de comunica\u00e7\u00e3o entre os \u00f3rg\u00e3os respons\u00e1veis pelo agendamento e os pacientes. Para lidar com essa quest\u00e3o, informaram que est\u00e3o implementando solu\u00e7\u00f5es baseadas em intelig\u00eancia artificial, a fim de otimizar a gest\u00e3o das filas de atendimento, especialmente as mais cr\u00edticas, como as de UTI adulto. Outra a\u00e7\u00e3o anunciada \u00e9 uma campanha para atualiza\u00e7\u00e3o dos dados cadastrais dos pacientes, como telefones e contatos, para aprimorar a comunica\u00e7\u00e3o.<\/p>\n","protected":false},"excerpt":{"rendered":"<p>O Minist\u00e9rio P\u00fablico do Estado do Rio de Janeiro (MPRJ) realizou uma visita ao Centro<\/p>\n","protected":false},"author":2,"featured_media":75660,"comment_status":"open","ping_status":"open","sticky":false,"template":"","format":"standard","meta":{"footnotes":""},"categories":[17],"tags":[],"class_list":["post-102303","post","type-post","status-publish","format-standard","has-post-thumbnail","hentry","category-outras-noticias"],"_links":{"self":[{"href":"https:\/\/tvc16.com\/portal\/wp-json\/wp\/v2\/posts\/102303","targetHints":{"allow":["GET"]}}],"collection":[{"href":"https:\/\/tvc16.com\/portal\/wp-json\/wp\/v2\/posts"}],"about":[{"href":"https:\/\/tvc16.com\/portal\/wp-json\/wp\/v2\/types\/post"}],"author":[{"embeddable":true,"href":"https:\/\/tvc16.com\/portal\/wp-json\/wp\/v2\/users\/2"}],"replies":[{"embeddable":true,"href":"https:\/\/tvc16.com\/portal\/wp-json\/wp\/v2\/comments?post=102303"}],"version-history":[{"count":1,"href":"https:\/\/tvc16.com\/portal\/wp-json\/wp\/v2\/posts\/102303\/revisions"}],"predecessor-version":[{"id":102304,"href":"https:\/\/tvc16.com\/portal\/wp-json\/wp\/v2\/posts\/102303\/revisions\/102304"}],"wp:featuredmedia":[{"embeddable":true,"href":"https:\/\/tvc16.com\/portal\/wp-json\/wp\/v2\/media\/75660"}],"wp:attachment":[{"href":"https:\/\/tvc16.com\/portal\/wp-json\/wp\/v2\/media?parent=102303"}],"wp:term":[{"taxonomy":"category","embeddable":true,"href":"https:\/\/tvc16.com\/portal\/wp-json\/wp\/v2\/categories?post=102303"},{"taxonomy":"post_tag","embeddable":true,"href":"https:\/\/tvc16.com\/portal\/wp-json\/wp\/v2\/tags?post=102303"}],"curies":[{"name":"wp","href":"https:\/\/api.w.org\/{rel}","templated":true}]}}