{"id":102308,"date":"2025-04-10T07:00:00","date_gmt":"2025-04-10T10:00:00","guid":{"rendered":"https:\/\/tvc16.com\/portal\/?p=102308"},"modified":"2025-04-09T11:57:23","modified_gmt":"2025-04-09T14:57:23","slug":"templo-de-matriz-africana-e-gravemente-afetado-pelas-chuvas-em-petropolis-e-lanca-campanha-solidaria-para-reconstrucao","status":"publish","type":"post","link":"https:\/\/tvc16.com\/portal\/2025\/04\/10\/templo-de-matriz-africana-e-gravemente-afetado-pelas-chuvas-em-petropolis-e-lanca-campanha-solidaria-para-reconstrucao\/","title":{"rendered":"Templo de matriz africana \u00e9 gravemente afetado pelas chuvas em Petr\u00f3polis e lan\u00e7a campanha solid\u00e1ria para reconstru\u00e7\u00e3o"},"content":{"rendered":"\n<p> No \u00faltimo s\u00e1bado (5), o Templo do Caboclo Sr. Ogun 7 Escudos, localizado no bairro Cascatinha, em Petr\u00f3polis, foi duramente atingido pelas fortes chuvas que ca\u00edram sobre a cidade. A for\u00e7a da \u00e1gua comprometeu a estrutura f\u00edsica do terreiro e danificou diversos artefatos sagrados, fundamentais para a realiza\u00e7\u00e3o das atividades religiosas.<\/p>\n\n\n\n<p>Segundo relatos do dirigente da casa, o aumento s\u00fabito do n\u00edvel do rio que corre atr\u00e1s do templo fez com que a \u00e1gua danificasse a estrutura do pr\u00e9dio, causando danos no piso e perda de objetos de culto de valor inestim\u00e1vel. al\u00e9m de comprometer estruturalmente o local. Apesar da gravidade da situa\u00e7\u00e3o, felizmente ningu\u00e9m se feriu.<\/p>\n\n\n\n<p>Diante dos riscos estruturais e da instabilidade do pr\u00e9dio, as atividades do terreiro foram suspensas por tempo indeterminado. A decis\u00e3o foi tomada para garantir a seguran\u00e7a de todos os frequentadores e zeladores da casa.<\/p>\n\n\n\n<p>PIX Solid\u00e1rio: uni\u00e3o pela f\u00e9 e pela reconstru\u00e7\u00e3o<\/p>\n\n\n\n<p>Em resposta \u00e0 trag\u00e9dia, a comunidade do Templo iniciou uma campanha de arrecada\u00e7\u00e3o por meio de um PIX Solid\u00e1rio, com o objetivo de viabilizar a reconstru\u00e7\u00e3o do espa\u00e7o sagrado e garantir que o Cong\u00e1 \u2014 altar central da casa \u2014 seja reerguido com dignidade.<\/p>\n\n\n\n<p>A chave para doa\u00e7\u00f5es \u00e9:<br>PIX: 82077029749 (Marisa)<\/p>\n\n\n\n<p>\u201cComo sempre nos lembra nosso querido Ex\u00fa Sr. 7 Caro\u00e7o: \u2018Se cada um der duas de suas moedas, ningu\u00e9m passar\u00e1 fome!\u2019\u201d, refor\u00e7a o comunicado divulgado pelos dirigentes da casa.<\/p>\n\n\n\n<p>Al\u00e9m dos danos materiais, a comunidade relata um forte abalo emocional. O templo \u00e9 um ponto de refer\u00eancia espiritual, cultural e social para muitas fam\u00edlias da regi\u00e3o. Apesar do cen\u00e1rio dif\u00edcil, a f\u00e9 e a uni\u00e3o continuam firmes, guiadas pela for\u00e7a de Ogun, orix\u00e1 da guerra e da supera\u00e7\u00e3o.<\/p>\n","protected":false},"excerpt":{"rendered":"<p>No \u00faltimo s\u00e1bado (5), o Templo do Caboclo Sr. Ogun 7 Escudos, localizado no bairro<\/p>\n","protected":false},"author":2,"featured_media":102309,"comment_status":"open","ping_status":"open","sticky":false,"template":"","format":"standard","meta":{"footnotes":""},"categories":[12],"tags":[],"class_list":["post-102308","post","type-post","status-publish","format-standard","has-post-thumbnail","hentry","category-cidade"],"_links":{"self":[{"href":"https:\/\/tvc16.com\/portal\/wp-json\/wp\/v2\/posts\/102308","targetHints":{"allow":["GET"]}}],"collection":[{"href":"https:\/\/tvc16.com\/portal\/wp-json\/wp\/v2\/posts"}],"about":[{"href":"https:\/\/tvc16.com\/portal\/wp-json\/wp\/v2\/types\/post"}],"author":[{"embeddable":true,"href":"https:\/\/tvc16.com\/portal\/wp-json\/wp\/v2\/users\/2"}],"replies":[{"embeddable":true,"href":"https:\/\/tvc16.com\/portal\/wp-json\/wp\/v2\/comments?post=102308"}],"version-history":[{"count":1,"href":"https:\/\/tvc16.com\/portal\/wp-json\/wp\/v2\/posts\/102308\/revisions"}],"predecessor-version":[{"id":102310,"href":"https:\/\/tvc16.com\/portal\/wp-json\/wp\/v2\/posts\/102308\/revisions\/102310"}],"wp:featuredmedia":[{"embeddable":true,"href":"https:\/\/tvc16.com\/portal\/wp-json\/wp\/v2\/media\/102309"}],"wp:attachment":[{"href":"https:\/\/tvc16.com\/portal\/wp-json\/wp\/v2\/media?parent=102308"}],"wp:term":[{"taxonomy":"category","embeddable":true,"href":"https:\/\/tvc16.com\/portal\/wp-json\/wp\/v2\/categories?post=102308"},{"taxonomy":"post_tag","embeddable":true,"href":"https:\/\/tvc16.com\/portal\/wp-json\/wp\/v2\/tags?post=102308"}],"curies":[{"name":"wp","href":"https:\/\/api.w.org\/{rel}","templated":true}]}}