{"id":10231,"date":"2021-02-10T23:05:47","date_gmt":"2021-02-11T02:05:47","guid":{"rendered":"https:\/\/tvc16.com\/portal\/?p=10231"},"modified":"2021-02-10T23:05:53","modified_gmt":"2021-02-11T02:05:53","slug":"paroquia-do-sagrado-celebra-jubileu-de-75-anos","status":"publish","type":"post","link":"https:\/\/tvc16.com\/portal\/2021\/02\/10\/paroquia-do-sagrado-celebra-jubileu-de-75-anos\/","title":{"rendered":"Par\u00f3quia do Sagrado celebra jubileu de 75 anos"},"content":{"rendered":"\n<p>Frei Jorge Paulo Schiavini, declarou aberta as celebra\u00e7\u00f5es do Jubileu de 75 anos de cria\u00e7\u00e3o da Par\u00f3quia do Sagrado Cora\u00e7\u00e3o de Jesus e dos 125 anos da chegada dos primeiros frades franciscanos a Petr\u00f3polis (RJ). O ano jubilar vai se estender at\u00e9 9 de fevereiro de 2022.<\/p>\n\n\n\n<p>Obedecendo as normas sanit\u00e1rias, a Santa Missa foi transmitida ao vivo pelo&nbsp;<em>Faceboo<\/em>k&nbsp;da Par\u00f3quia do Sagrado e contou tamb\u00e9m com a presen\u00e7a de fi\u00e9is, paroquianos, lideran\u00e7as de movimentos e pastorais que lotaram a Igreja do Sagrado.<\/p>\n\n\n\n<p>Frei Jorge iniciou sua homilia explicando que a experi\u00eancia de se celebrar um jubileu&nbsp;tem suas origens na Sagrada Escritura, sobretudo no livro do Lev\u00edtico, onde se l\u00ea que a cada 50 anos, \u2018no dia da expia\u00e7\u00e3o\u2019(Lv&nbsp;25,9), quando a miseric\u00f3rdia do Senhor era invocada sobre todo o povo, o som da trombeta anunciava um grande acontecimento de liberta\u00e7\u00e3o:&nbsp;\u2018Ser\u00e1 para voc\u00eas um ano de j\u00fabilo\u2019 (Lv 25,10), citou o celebrante.<\/p>\n\n\n\n<p>Segundo o frade, o ano jubilar \u00e9 um tempo forte na f\u00e9. \u201cCelebraremos alguns momentos fortes para render gra\u00e7as a Deus pelo caminho de f\u00e9 j\u00e1 trilhado e para nos dispormos mais uma vez \u00e0 inspira\u00e7\u00e3o divina na miss\u00e3o atual da Par\u00f3quia do Sagrado Cora\u00e7\u00e3o de Jesus, no estilo de S\u00e3o Francisco de Assis\u201d, explicou.<\/p>\n\n\n\n<figure class=\"wp-block-image size-large\"><img decoding=\"async\" src=\"blob:https:\/\/tvc16.com\/2358d317-0432-443e-83b1-6ea4cdec377f\" alt=\"\"\/><\/figure>\n\n\n\n<p>O p\u00e1roco anunciou tamb\u00e9m que ser\u00e3o celebradas todas as festas dos padroeiros das cinco comunidades da Par\u00f3quia. \u201cA solene liturgia da festa do Sagrado Cora\u00e7\u00e3o de Jesus, celebremos no dia da Dedica\u00e7\u00e3o da Igreja do Sagrado e no dia da instala\u00e7\u00e3o da Par\u00f3quia do Sagrado, em 19 de maio\u201d, acrescentou.<\/p>\n\n\n\n<p>\u201cNeste Eucaristia rendamos gra\u00e7as a Deus por tudo de bom que Deus realizou na vida dessa Par\u00f3quia e na vida dos Franciscanos e que o Senhor nos d\u00ea a gra\u00e7a de viver e anunciar o Evangelho de Nosso Senhor Jesus Cristo com intensidade e alegria\u201d, finalizou.<\/p>\n\n\n\n<p>Ap\u00f3s a homilia, a celebra\u00e7\u00e3o teve continuidade com a liturgia eucar\u00edstica. No final, como tradicionalmente acontece em todas as ter\u00e7as-feiras e em muitas Igrejas do mundo, Frei Jorge rezou a ora\u00e7\u00e3o e b\u00ean\u00e7\u00e3o de Santo Ant\u00f4nio e aben\u00e7oou o p\u00e3o dos pobres.<\/p>\n","protected":false},"excerpt":{"rendered":"<p>Frei Jorge Paulo Schiavini, declarou aberta as celebra\u00e7\u00f5es do Jubileu de 75 anos de cria\u00e7\u00e3o<\/p>\n","protected":false},"author":2,"featured_media":10232,"comment_status":"open","ping_status":"open","sticky":false,"template":"","format":"standard","meta":{"footnotes":""},"categories":[12],"tags":[],"class_list":["post-10231","post","type-post","status-publish","format-standard","has-post-thumbnail","hentry","category-cidade"],"_links":{"self":[{"href":"https:\/\/tvc16.com\/portal\/wp-json\/wp\/v2\/posts\/10231","targetHints":{"allow":["GET"]}}],"collection":[{"href":"https:\/\/tvc16.com\/portal\/wp-json\/wp\/v2\/posts"}],"about":[{"href":"https:\/\/tvc16.com\/portal\/wp-json\/wp\/v2\/types\/post"}],"author":[{"embeddable":true,"href":"https:\/\/tvc16.com\/portal\/wp-json\/wp\/v2\/users\/2"}],"replies":[{"embeddable":true,"href":"https:\/\/tvc16.com\/portal\/wp-json\/wp\/v2\/comments?post=10231"}],"version-history":[{"count":1,"href":"https:\/\/tvc16.com\/portal\/wp-json\/wp\/v2\/posts\/10231\/revisions"}],"predecessor-version":[{"id":10233,"href":"https:\/\/tvc16.com\/portal\/wp-json\/wp\/v2\/posts\/10231\/revisions\/10233"}],"wp:featuredmedia":[{"embeddable":true,"href":"https:\/\/tvc16.com\/portal\/wp-json\/wp\/v2\/media\/10232"}],"wp:attachment":[{"href":"https:\/\/tvc16.com\/portal\/wp-json\/wp\/v2\/media?parent=10231"}],"wp:term":[{"taxonomy":"category","embeddable":true,"href":"https:\/\/tvc16.com\/portal\/wp-json\/wp\/v2\/categories?post=10231"},{"taxonomy":"post_tag","embeddable":true,"href":"https:\/\/tvc16.com\/portal\/wp-json\/wp\/v2\/tags?post=10231"}],"curies":[{"name":"wp","href":"https:\/\/api.w.org\/{rel}","templated":true}]}}