{"id":102311,"date":"2025-04-13T15:00:00","date_gmt":"2025-04-13T18:00:00","guid":{"rendered":"https:\/\/tvc16.com\/portal\/?p=102311"},"modified":"2025-04-12T00:39:56","modified_gmt":"2025-04-12T03:39:56","slug":"lavador-de-onibus-realiza-sonho-de-voltar-a-estudar-aos-62-anos-em-petropolis","status":"publish","type":"post","link":"https:\/\/tvc16.com\/portal\/2025\/04\/13\/lavador-de-onibus-realiza-sonho-de-voltar-a-estudar-aos-62-anos-em-petropolis\/","title":{"rendered":"Lavador de \u00f4nibus realiza sonho de voltar a estudar aos 62 anos em Petr\u00f3polis"},"content":{"rendered":"\n<p><em>Primeiro dia de aula \u00e9 marcado por forte emo\u00e7\u00e3o e muito aprendizado<\/em><\/p>\n\n\n\n<p>\u201cLinha\u201d e \u201cponto final\u201d s\u00e3o alguns dos termos mais comuns e utilizados entre os profissionais que atuam nos \u00f4nibus, em Petr\u00f3polis. Mas, para Jo\u00e3o Souza Amorim, essas palavras come\u00e7aram a ganhar outro sentido, na noite do \u00faltimo dia 07\/04, em seu primeiro dia de aula. Aos 62 anos de idade, o rodovi\u00e1rio embarcou na \u201clinha\u201d do conhecimento, com destino \u00e0 escola, substituindo o \u201cponto final\u201d de um sonho, por uma v\u00edrgula, provando que nunca \u00e9 tarde para \u201cescrever\u201d sua pr\u00f3pria hist\u00f3ria.<\/p>\n\n\n\n<p>Rodovi\u00e1rio h\u00e1 tr\u00eas d\u00e9cadas e contratado da Turp Transporte h\u00e1 13 anos, Jo\u00e3o \u00e9 exemplo de simpatia e dedica\u00e7\u00e3o na garagem da empresa, onde atua nos setores de limpeza e lubrifica\u00e7\u00e3o. Pai de sete filhos e av\u00f4 de quatro netos, teve a inf\u00e2ncia e os estudos interrompidos aos seis anos, para trabalhar em uma fazenda e ajudar os pais. Com o passar do tempo, o sonho de aprender a ler e a escrever ficou cada vez mais distante, at\u00e9 que recebeu incentivo dos colegas de trabalho.<\/p>\n\n\n\n<p>\u201cSoubemos da vontade que ele tinha em aprender e o sonho de retomar os estudos. Por isso, reunimos o setor de recursos humanos e a diretoria da empresa, que logo providenciou uma adequa\u00e7\u00e3o no hor\u00e1rio de trabalho dele, a imediata matr\u00edcula em uma unidade escolar, ganhando de presente o material necess\u00e1rio para iniciar os estudos\u201d, contou Ariane dos Santos, respons\u00e1vel pelo departamento de gest\u00e3o de pessoas.<\/p>\n\n\n\n<p>Ao saber da novidade, Jo\u00e3o comemorou a oportunidade, garantindo que vai \u201ctirar de letra\u201d todos os ensinamentos, garantindo assim, a alfabetiza\u00e7\u00e3o. \u201cConfesso que a vida inteira fiquei com um pouco de vergonha, por saber apenas assinar meu nome, mesmo sem entender direito as letras que estava escrevendo. A partir de agora, vou me dedicar o bastante, para tra\u00e7ar linhas de esperan\u00e7a, nesse meu caderno da vida\u201d, disse, emocionado e com o tradicional sorriso no rosto.<\/p>\n\n\n\n<p>A matr\u00edcula aconteceu na \u00faltima sexta-feira (4), na primeira s\u00e9rie do ensino fundamental, em uma escola municipalizada. Nesta semana, o t\u00e3o aguardado primeiro dia de aula aconteceu, sob forte alegria, que contagiou os familiares e profissionais da empresa de \u00f4nibus, com direito a muitos aplausos.<\/p>\n\n\n\n<p>\u201cN\u00e3o tenho muitas palavras para falar sobre o primeiro dia. Tenho letras\u201d, brincou Jo\u00e3o, que come\u00e7ou a aprender as vogais na escola. \u201cJ\u00e1 estou conseguindo pegar o jeito. Daqui a pouco, vou escrever muito e ensinar meus netos e, quem sabe, at\u00e9 os bisnetos\u201d, destacou o estudante.<\/p>\n\n\n\n<p>Segundo Jean Moraes, diretor da Turp Transporte, participar da hist\u00f3ria de vida do Jo\u00e3o \u00e9 gratificante para a empresa. \u201cEle tem o sonho de aprender a ler e a escrever, mas j\u00e1 est\u00e1 pensando no futuro, em ensinar outras pessoas. Por aqui, \u00e9 essa mesma vontade que ele desperta nas atividades, fazendo sempre o melhor, pensando no passageiro que vai utilizar o \u00f4nibus. Temos muita alegria em ter pessoas como ele, atuando na empresa\u201d, concluiu.<\/p>\n\n\n\n<p>Nas redes sociais, o v\u00eddeo em que o profissional recebe o material escolar est\u00e1 viralizando, com mais de 20 mil visualiza\u00e7\u00f5es. Para assistir, basta acessar o Instagram do Setranspetro, atrav\u00e9s do @setranspetro ou da Turp Transporte, atrav\u00e9s do @turp.transporte.<\/p>\n","protected":false},"excerpt":{"rendered":"<p>Primeiro dia de aula \u00e9 marcado por forte emo\u00e7\u00e3o e muito aprendizado \u201cLinha\u201d e \u201cponto<\/p>\n","protected":false},"author":2,"featured_media":102312,"comment_status":"open","ping_status":"open","sticky":false,"template":"","format":"standard","meta":{"footnotes":""},"categories":[12],"tags":[],"class_list":["post-102311","post","type-post","status-publish","format-standard","has-post-thumbnail","hentry","category-cidade"],"_links":{"self":[{"href":"https:\/\/tvc16.com\/portal\/wp-json\/wp\/v2\/posts\/102311","targetHints":{"allow":["GET"]}}],"collection":[{"href":"https:\/\/tvc16.com\/portal\/wp-json\/wp\/v2\/posts"}],"about":[{"href":"https:\/\/tvc16.com\/portal\/wp-json\/wp\/v2\/types\/post"}],"author":[{"embeddable":true,"href":"https:\/\/tvc16.com\/portal\/wp-json\/wp\/v2\/users\/2"}],"replies":[{"embeddable":true,"href":"https:\/\/tvc16.com\/portal\/wp-json\/wp\/v2\/comments?post=102311"}],"version-history":[{"count":2,"href":"https:\/\/tvc16.com\/portal\/wp-json\/wp\/v2\/posts\/102311\/revisions"}],"predecessor-version":[{"id":102483,"href":"https:\/\/tvc16.com\/portal\/wp-json\/wp\/v2\/posts\/102311\/revisions\/102483"}],"wp:featuredmedia":[{"embeddable":true,"href":"https:\/\/tvc16.com\/portal\/wp-json\/wp\/v2\/media\/102312"}],"wp:attachment":[{"href":"https:\/\/tvc16.com\/portal\/wp-json\/wp\/v2\/media?parent=102311"}],"wp:term":[{"taxonomy":"category","embeddable":true,"href":"https:\/\/tvc16.com\/portal\/wp-json\/wp\/v2\/categories?post=102311"},{"taxonomy":"post_tag","embeddable":true,"href":"https:\/\/tvc16.com\/portal\/wp-json\/wp\/v2\/tags?post=102311"}],"curies":[{"name":"wp","href":"https:\/\/api.w.org\/{rel}","templated":true}]}}